{"id":15377,"date":"2024-02-02T18:30:53","date_gmt":"2024-02-02T21:30:53","guid":{"rendered":"https:\/\/jm-metropole.com.br\/site\/?p=15377"},"modified":"2024-02-02T18:30:53","modified_gmt":"2024-02-02T21:30:53","slug":"samu-demora-mais-uma-vez-e-motociclista-morre-em-santa-isabel","status":"publish","type":"post","link":"https:\/\/jm-metropole.com.br\/site\/samu-demora-mais-uma-vez-e-motociclista-morre-em-santa-isabel\/","title":{"rendered":"SAMU demora mais uma vez e motociclista morre em Santa Isabel"},"content":{"rendered":"<p>Na noite de domingo, um acidente envolvendo uma moto no centro de Santa Isabel resultou na morte do motociclista Felipe Brayan Rueda, de 21 anos. O tr\u00e1gico incidente colocou em evid\u00eancia a quest\u00e3o da demora no atendimento do Servi\u00e7o de Atendimento M\u00f3vel de Urg\u00eancia (SAMU) na cidade.<\/p>\n<p>Moradores que testemunharam o acidente relataram que o socorro do SAMU demorou mais de uma hora para chegar ao local. Imagens de c\u00e2meras de seguran\u00e7a de estabelecimentos comerciais mostram o momento da colis\u00e3o entre o carro e a moto, ap\u00f3s uma manobra do motorista do ve\u00edculo.<\/p>\n<p>Segundo dados do Cons\u00f3rcio Regional do Servi\u00e7o de Atendimento M\u00f3vel de Urg\u00eancia (CRESAMU), no momento do acidente na Avenida Rep\u00fablica, a viatura de Santa Isabel estava atendendo a outro acidente na Rodovia Vereador Albino Rodrigues Neves, ocorrido anteriormente.<\/p>\n<p>A trag\u00e9dia n\u00e3o apenas abalou a comunidade, mas tamb\u00e9m levantou questionamentos sobre a capacidade de resposta do SAMU em Santa Isabel. Moradores relatam que situa\u00e7\u00f5es como essa t\u00eam se tornado comuns, com vidas perdidas devido \u00e0 demora no atendimento de emerg\u00eancia.<\/p>\n<p>O prefeito Dr. Carlos Chinchilla, m\u00e9dico por forma\u00e7\u00e3o, est\u00e1 no centro das cr\u00edticas. Ele foi eleito para zelar pela sa\u00fade e bem-estar dos cidad\u00e3os, por\u00e9m, o atraso constante do SAMU tem sido negligenciado, sem solu\u00e7\u00f5es efetivas sendo implementadas para resolver esse problema crucial.<\/p>\n<p>&#8220;Mais uma vez o prefeito se calou e fugiu do seu compromisso de cuidar das pessoas. Como ele sempre faz, se escondeu atr\u00e1s da turma de Ferraz e n\u00e3o falou nada sobre mais uma trag\u00e9dia que aconteceu por falta de atendimento r\u00e1pido do SAMU. Santa Isabel n\u00e3o pode mais conviver com um prefeito fraco, que n\u00e3o assume sua responsabilidade e sempre joga a culpa dos problemas em gest\u00f5es passadas&#8221;, afirma Alencar Galbiatti, Presidente Municipal do Republicanos e pr\u00e9-candidato a prefeito de Santa Isabel.<\/p>\n<p>Enquanto isso, os moradores de Santa Isabel clamam por medidas urgentes para garantir uma resposta mais \u00e1gil e eficaz do SAMU em situa\u00e7\u00f5es de emerg\u00eancia. O atraso cr\u00f4nico no atendimento n\u00e3o pode mais ser tolerado, e \u00e9 hora de a\u00e7\u00f5es concretas serem tomadas para evitar mais trag\u00e9dias.<\/p>\n<p>Os familiares e amigos do Felipe Brayan Rueda est\u00e3o organizando uma manifesta\u00e7\u00e3o no pr\u00f3ximo s\u00e1bado (03\/02) para cobrar provid\u00eancias e mudan\u00e7as no atendimento do SAMU para evitar que outras pessoas percam suas vidas por causa da demora do socorro.<\/p>\n","protected":false},"excerpt":{"rendered":"<p>Na noite de domingo, um acidente envolvendo uma moto no centro de Santa Isabel resultou na morte do motociclista Felipe Brayan Rueda, de 21 anos. O tr\u00e1gico incidente colocou em evid\u00eancia a quest\u00e3o da demora no atendimento do Servi\u00e7o de Atendimento M\u00f3vel de Urg\u00eancia (SAMU) na cidade. Moradores que testemunharam o acidente relataram que o [&hellip;]<\/p>\n","protected":false},"author":1,"featured_media":15378,"comment_status":"open","ping_status":"open","sticky":false,"template":"","format":"standard","meta":{"footnotes":""},"categories":[5],"tags":[],"class_list":{"0":"post-15377","1":"post","2":"type-post","3":"status-publish","4":"format-standard","5":"has-post-thumbnail","7":"category-santa-isabel"},"_links":{"self":[{"href":"https:\/\/jm-metropole.com.br\/site\/wp-json\/wp\/v2\/posts\/15377","targetHints":{"allow":["GET"]}}],"collection":[{"href":"https:\/\/jm-metropole.com.br\/site\/wp-json\/wp\/v2\/posts"}],"about":[{"href":"https:\/\/jm-metropole.com.br\/site\/wp-json\/wp\/v2\/types\/post"}],"author":[{"embeddable":true,"href":"https:\/\/jm-metropole.com.br\/site\/wp-json\/wp\/v2\/users\/1"}],"replies":[{"embeddable":true,"href":"https:\/\/jm-metropole.com.br\/site\/wp-json\/wp\/v2\/comments?post=15377"}],"version-history":[{"count":1,"href":"https:\/\/jm-metropole.com.br\/site\/wp-json\/wp\/v2\/posts\/15377\/revisions"}],"predecessor-version":[{"id":15379,"href":"https:\/\/jm-metropole.com.br\/site\/wp-json\/wp\/v2\/posts\/15377\/revisions\/15379"}],"wp:featuredmedia":[{"embeddable":true,"href":"https:\/\/jm-metropole.com.br\/site\/wp-json\/wp\/v2\/media\/15378"}],"wp:attachment":[{"href":"https:\/\/jm-metropole.com.br\/site\/wp-json\/wp\/v2\/media?parent=15377"}],"wp:term":[{"taxonomy":"category","embeddable":true,"href":"https:\/\/jm-metropole.com.br\/site\/wp-json\/wp\/v2\/categories?post=15377"},{"taxonomy":"post_tag","embeddable":true,"href":"https:\/\/jm-metropole.com.br\/site\/wp-json\/wp\/v2\/tags?post=15377"}],"curies":[{"name":"wp","href":"https:\/\/api.w.org\/{rel}","templated":true}]}}