{"id":1502,"date":"2022-07-17T19:21:49","date_gmt":"2022-07-17T22:21:49","guid":{"rendered":"https:\/\/jm-metropole.com.br\/site\/?p=1502"},"modified":"2022-07-17T19:21:49","modified_gmt":"2022-07-17T22:21:49","slug":"poa-libera-4a-dose-contra-a-covid-19-para-35-a-partir-desta-segunda-feira","status":"publish","type":"post","link":"https:\/\/jm-metropole.com.br\/site\/poa-libera-4a-dose-contra-a-covid-19-para-35-a-partir-desta-segunda-feira\/","title":{"rendered":"Po\u00e1 libera 4\u00aa dose contra a Covid-19 para 35+ a partir desta segunda-feira"},"content":{"rendered":"<p>Postos de Sa\u00fade realizam a aplica\u00e7\u00e3o da vacina, de 2\u00aa a 6\u00aa feira, das 9 \u00e0s 15 horas, com exce\u00e7\u00e3o da UBS do Jd. Nova Po\u00e1 que imuniza das 9 \u00e0s 18 horas<\/p>\n<p>O munic\u00edpio de Po\u00e1 libera a partir desta segunda-feira (18\/07), a aplica\u00e7\u00e3o da quarta dose da vacina contra a Covid-19 para os poaenses com 35 anos ou mais. Para atualizar a cobertura vacinal contra a doen\u00e7a, basta comparecer a qualquer uma das 12 Unidades B\u00e1sicas de Sa\u00fade (UBS) da cidade, respeitando o intervalo m\u00ednimo de quatro meses para a terceira dose.<\/p>\n<p>O secret\u00e1rio de Sa\u00fade, Alexandre Provisor, destacou a import\u00e2ncia de o mun\u00edcipe comparecer ao posto de sa\u00fade mais pr\u00f3ximo \u00e0 sua resid\u00eancia para manter o esquema vacinal em dia. \u201cA pandemia ainda n\u00e3o acabou e, t\u00e3o pouco o v\u00edrus foi erradicado, precisamos continuar tomando certos cuidados para preservar a pr\u00f3pria sa\u00fade, bem como das pessoas do nosso conv\u00edvio e a vacina \u00e9 o meio mais eficaz para isso\u201d, afirmou.<\/p>\n<p>Para tomar a quarta dose, al\u00e9m de respeitar o intervalo m\u00ednimo de quatro meses da terceira dose, o cidad\u00e3o deve comparecer a uma unidade b\u00e1sica portando um documento com foto, comprovante de resid\u00eancia e a carteirinha de vacina\u00e7\u00e3o. A campanha de vacina\u00e7\u00e3o contra a Covid-19 \u00e9 realizada em Po\u00e1, de segunda a sexta-feira, das 9 \u00e0s 15 horas, com exce\u00e7\u00e3o da UBS do Jardim Nova Po\u00e1, que realiza a aplica\u00e7\u00e3o das 9 \u00e0s 18 horas.<\/p>\n<p>FOTOS: Rodrigo Nagafuti \u2013 Arquivo Secom Po\u00e1<\/p>\n","protected":false},"excerpt":{"rendered":"<p>Postos de Sa\u00fade realizam a aplica\u00e7\u00e3o da vacina, de 2\u00aa a 6\u00aa feira, das 9 \u00e0s 15 horas, com exce\u00e7\u00e3o da UBS do Jd. Nova Po\u00e1 que imuniza das 9 \u00e0s 18 horas O munic\u00edpio de Po\u00e1 libera a partir desta segunda-feira (18\/07), a aplica\u00e7\u00e3o da quarta dose da vacina contra a Covid-19 para os [&hellip;]<\/p>\n","protected":false},"author":1,"featured_media":1503,"comment_status":"open","ping_status":"open","sticky":false,"template":"","format":"standard","meta":{"footnotes":""},"categories":[19,11],"tags":[],"class_list":{"0":"post-1502","1":"post","2":"type-post","3":"status-publish","4":"format-standard","5":"has-post-thumbnail","7":"category-poa","8":"category-saude"},"_links":{"self":[{"href":"https:\/\/jm-metropole.com.br\/site\/wp-json\/wp\/v2\/posts\/1502","targetHints":{"allow":["GET"]}}],"collection":[{"href":"https:\/\/jm-metropole.com.br\/site\/wp-json\/wp\/v2\/posts"}],"about":[{"href":"https:\/\/jm-metropole.com.br\/site\/wp-json\/wp\/v2\/types\/post"}],"author":[{"embeddable":true,"href":"https:\/\/jm-metropole.com.br\/site\/wp-json\/wp\/v2\/users\/1"}],"replies":[{"embeddable":true,"href":"https:\/\/jm-metropole.com.br\/site\/wp-json\/wp\/v2\/comments?post=1502"}],"version-history":[{"count":1,"href":"https:\/\/jm-metropole.com.br\/site\/wp-json\/wp\/v2\/posts\/1502\/revisions"}],"predecessor-version":[{"id":1504,"href":"https:\/\/jm-metropole.com.br\/site\/wp-json\/wp\/v2\/posts\/1502\/revisions\/1504"}],"wp:featuredmedia":[{"embeddable":true,"href":"https:\/\/jm-metropole.com.br\/site\/wp-json\/wp\/v2\/media\/1503"}],"wp:attachment":[{"href":"https:\/\/jm-metropole.com.br\/site\/wp-json\/wp\/v2\/media?parent=1502"}],"wp:term":[{"taxonomy":"category","embeddable":true,"href":"https:\/\/jm-metropole.com.br\/site\/wp-json\/wp\/v2\/categories?post=1502"},{"taxonomy":"post_tag","embeddable":true,"href":"https:\/\/jm-metropole.com.br\/site\/wp-json\/wp\/v2\/tags?post=1502"}],"curies":[{"name":"wp","href":"https:\/\/api.w.org\/{rel}","templated":true}]}}