{"id":1499,"date":"2022-07-16T13:04:38","date_gmt":"2022-07-16T16:04:38","guid":{"rendered":"https:\/\/jm-metropole.com.br\/site\/?p=1499"},"modified":"2022-07-16T13:04:38","modified_gmt":"2022-07-16T16:04:38","slug":"prefeitura-alerta-para-vias-interditadas-neste-domingo-na-regiao-central-de-guarulhos","status":"publish","type":"post","link":"https:\/\/jm-metropole.com.br\/site\/prefeitura-alerta-para-vias-interditadas-neste-domingo-na-regiao-central-de-guarulhos\/","title":{"rendered":"Prefeitura alerta para vias interditadas neste domingo na regi\u00e3o central de Guarulhos"},"content":{"rendered":"<p>Na manh\u00e3 deste domingo (17), entre 6h e 12h, a regi\u00e3o central de Guarulhos ter\u00e1 116 pontos, entre ruas e avenidas, interditados ao tr\u00e2nsito de ve\u00edculos para realiza\u00e7\u00e3o da 1\u00aa Meia Maratona Internacional da cidade. O trabalho de prepara\u00e7\u00e3o das vias para a passagem dos atletas come\u00e7a j\u00e1 \u00e0s 23h de s\u00e1bado (16) com a interdi\u00e7\u00e3o das vagas de estacionamento situadas ao longo da avenida Paulo Faccini, local que sediar\u00e1, na altura da entrada principal do Bosque Maia, os pontos de largada e de chegada da prova.<\/p>\n<p>&nbsp;<\/p>\n<p>De acordo com a Secretaria de Transportes e Mobilidade Urbana (STMU), a interdi\u00e7\u00e3o dos pontos de passagem dos competidores ser\u00e1 total e, por isso, a pasta recomenda que, na medida do poss\u00edvel, as pessoas evitem utilizar autom\u00f3veis para se dirigir a eles no dia e per\u00edodo mencionados. Todo o percurso contar\u00e1 com sinaliza\u00e7\u00e3o e presen\u00e7a de membros da equipe de organiza\u00e7\u00e3o da competi\u00e7\u00e3o. O mapa digital da prova est\u00e1 dispon\u00edvel em bit.ly\/3ISPPZn.<\/p>\n<p>&nbsp;<\/p>\n<p>Ruas e avenidas a serem interditadas neste domingo (17)<\/p>\n<p>&nbsp;<\/p>\n<p>Rua Renato de Andrade Maia x Av. Papa Jo\u00e3o Paulo XXIII<\/p>\n<p>Av. Papa Jo\u00e3o Paulo XXIII X Av. Paulo Faccini<\/p>\n<p>Av. Salgado Filho x Av. Suplicy<\/p>\n<p>Av. Salgado Filho x Rua Maria Tereza (posto Ipiranga)<\/p>\n<p>Rua Araquatins x Av. Benjamin Harris Hunnicutt<\/p>\n<p>Av. Transguarulhense X R. Andr\u00e9 Luiz<\/p>\n<p>Av. Transguarulhense x R. Dona Tecla<\/p>\n<p>Av. Salgado Filho x Rua Serra<\/p>\n<p>Av. Salgado Filho x Rua Jaiminho<\/p>\n<p>Av. Paulo Faccini X R. Josephina Mandotti<\/p>\n<p>Av. Paulo Faccini x Av. Tiradentes<\/p>\n<p>Av. Paulo Faccini x Monteiro Lobato<\/p>\n<p>Av. Ant\u00f4nio de Souza x R. Padre Celestino<\/p>\n<p>Av. Anielo Pratici x Av. Tiradentes<\/p>\n<p>Av. Pres. Alencar Castelo Banco x Av Guarulhos<\/p>\n<p>Av. Pres. Alencar Castelo Banco x Av Guarulhos<\/p>\n<p>Av. Pres. Alencar Castelo Banco \u00d7 R. Colalilo<\/p>\n<p>Av. Pres. Alencar Castelo Banco x Av. Leonor<\/p>\n<p>Av. Pres. Tancredo de Almeida Neves x R. Jos\u00e9 Campanela<\/p>\n<p>Av. Pres. Tancredo de Almeida Neves \u00d7 R. Asea<\/p>\n<p>Av. Pres. Tancredo de Almeida Neves x R. L\u00eddio Francisco de Santana (Telha Norte)<\/p>\n<p>Av. Paulo Faccini \u00d7 R. Silvio Barbosa<\/p>\n<p>Av. Paulo Faccini \u00d7 R. Maraj\u00f3<\/p>\n<p>Av Papa Jo\u00e3o XXIII X Av Renato de Andrade Maia<\/p>\n<p>Av Papa Jo\u00e3o XXIII X Av Paulo Faccini<\/p>\n<p>Av Salgado Filho X Rua Cabo Ot\u00e1vio Sin\u00e9sio Arag\u00e3o<\/p>\n<p>Av Salgado Filho X Rua Cabo Osvaldo Jos\u00e9 De Oliveira<\/p>\n<p>Av Salgado Filho X Rua 3\u00b0 Sargento Jos\u00e9 Manuel Oliveira<\/p>\n<p>Av Salgado Filho X Rua Mario de Jesus Rodrigues<\/p>\n<p>Av Salgado Filho X Rua Joaquim da Silva Frade<\/p>\n<p>Av Salgado Filho X Rua Maria Nardi de Carlos<\/p>\n<p>Av Salgado Filho X Rua Carmela Antonia Fanganiello Cecchinato<\/p>\n<p>Av Salgado Filho X Madel<\/p>\n<p>Av Salgado Filho X Refor<\/p>\n<p>Av Salgado Filho X Av Benjamin Harris Hunnicutt<\/p>\n<p>Av Salgado Filho X Ru Carrefour<\/p>\n<p>Av Salgado Filho X Av Andr\u00e9 Luiz<\/p>\n<p>Av Bartholomeu de Carlos X Rua Raimundo De Oliveira<\/p>\n<p>Av Bartholomeu de Carlos X Rua Capanema<\/p>\n<p>Av Bartholomeu de Carlos X Rua Tabatinguera<\/p>\n<p>Av Bartholomeu de Carlos X Rua Antonieta<\/p>\n<p>Av Bartholomeu de Carlos X Rua Dona Tecla<\/p>\n<p>Av Bartholomeu de Carlos X Av Suplicy<\/p>\n<p>Av Salgado Filho X Rua Roberto<\/p>\n<p>Av Salgado Filho X Rua Ronaldo<\/p>\n<p>Av Salgado Filho X Rua Capit\u00e3o Capel\u00e3o Antonio \u00c1lvares Da Silva<\/p>\n<p>Av Salgado Filho X Rua 2\u00b0 Tenente Marcio Pinto<\/p>\n<p>Av Salgado Filho X Rua 2\u00b0 Sgto. Fernando Fontes<\/p>\n<p>Av Salgado Filho X Rua Maria Tereza (Ipiranga)<\/p>\n<p>Av Salgado Filho X Rua 2\u00b0 Sgto. Orlando Randi<\/p>\n<p>Av Salgado Filho X Rua Serra<\/p>\n<p>Av Salgado Filo X Rua Valter Pinto Carneiro<\/p>\n<p>Av Salgado Filho X Ru Leopoldo Andrade<\/p>\n<p>Av Salgado Filho X Rua Paulo S\u00e9rgio de Aquino<\/p>\n<p>Av Salgado Filho X Rua Celso<\/p>\n<p>Av Salgado Filho X Rua Jaiminho<\/p>\n<p>Av Salgado Filho X Rua Sd. Elias Vitorino De Souza<\/p>\n<p>Av Salgado Filho X Rua Sd. Elizeu Jos\u00e9 Hip\u00f3lito<\/p>\n<p>Av Paulo Faccini X Rua Sd. Elizeu Jos\u00e9 Hip\u00f3lito<\/p>\n<p>Av Paulo Faccini X Rua Antonio Romano<\/p>\n<p>Av Paulo Faccini X Rua Sd. Donato Ribeiro<\/p>\n<p>Av Paulo Faccini X Rua Antonio Jos\u00e9 Rom\u00e3o Filho<\/p>\n<p>Av Paulo Faccini X Churrascaria do Bosque<\/p>\n<p>Av Paulo Faccini X Rua Ivan Marchetti<\/p>\n<p>Av Paulo Faccini X Rua Cidade De Araras<\/p>\n<p>Av Paulo Faccini X Rua Josephina Mandotti<\/p>\n<p>Av Paulo Faccini X Rua T\u00falio Martello<\/p>\n<p>Av Paulo Faccini X Rua Coral<\/p>\n<p>Av Paulo Faccini X Rua Prof\u00aa Bras\u00edlia Castanho De Oliveira<\/p>\n<p>Av Paulo Faccini X Rua Lib\u00e1nio Jos\u00e9 Antonio<\/p>\n<p>Av Paulo Faccini X Av Tiradentes<\/p>\n<p>Av Paulo Faccini X Rua Sd. Erminio Cardoso<\/p>\n<p>Av Paulo Faccini X Rua Dona Olinda De Albuquerque<\/p>\n<p>Av Paulo Faccini X Rua S\u00e3o Domingos<\/p>\n<p>Av Paulo Faccini X Rua Carlos Augusto Bresser<\/p>\n<p>Av Paulo Faccini X Rua Diogo Faria<\/p>\n<p>Av Paulo Faccini X Rua Siqueira Campos<\/p>\n<p>Av Paulo Faccini X Rua L\u00e1zaro Bueno De Oliveira<\/p>\n<p>Av Paulo Faccini X Rua Felizarda Firmino De Andrade<\/p>\n<p>Av Paulo Faccini X Av Monteiro Lobato<\/p>\n<p>Av Monteiro Lobato X Rua Francisco De Paula Santana<\/p>\n<p>Av Antonio de Souza X Ru Francisco De Paula Santana<\/p>\n<p>Av Antonio de Souza X Rua Jos\u00e9 Triglia<\/p>\n<p>Av Antonio de Souza X Rua Padre Celestino<\/p>\n<p>Av Antonio de Souza X Rua S\u00e3o Vicente De Paula<\/p>\n<p>Av Antonio de Souza X Rua Bar\u00e3o De Mau\u00e1<\/p>\n<p>Av Antonio de Souza X Av Tiradentes<\/p>\n<p>Av Pres. Humberto de Alencar C Branco X Pra\u00e7a Bar\u00e3o De Mau\u00e1<\/p>\n<p>Av Pres. Humberto de Alencar C Branco X Rua General Os\u00f3rio<\/p>\n<p>Av Pres. Humberto de Alencar C Branco X Av Guarulhos<\/p>\n<p>Av Pres. Humberto de Alencar C Branco X Rua Felipe Cabral De Vasconcelos<\/p>\n<p>Av Pres. Humberto de Alencar C Branco X Rua Jo\u00e3o Batista Vasques<\/p>\n<p>Av Pres. Humberto de Alencar C Branco X Rua Vito Lila<\/p>\n<p>Av Pres. Humberto de Alencar C Branco X Rua Const\u00e2ncio Colalilo<\/p>\n<p>Av Pres. Humberto de Alencar C Branco X Rua Rodolfo<\/p>\n<p>Av Pres. Humberto de Alencar C Branco X Rua S\u00e3o Jo\u00e3o<\/p>\n<p>Av Pres. Humberto de Alencar C Branco X Rua General<\/p>\n<p>Av Antonio de Souza X Rua Jos\u00e9 Bernardo De Medeiros<\/p>\n<p>Av Antonio de Souza X Rua Gentil Castro<\/p>\n<p>Av Antonio de Souza X Rua Padre Celestino<\/p>\n<p>Av Antonio de Souza X Rua Jos\u00e9 Triglia<\/p>\n<p>Av Antonio De Souza X Rua Francisco De Paula Santana<\/p>\n<p>Av Pres. Tancredo de Almeida Neves X Rua Jos\u00e9 Campanella<\/p>\n<p>Av Pres. Tancredo de Almeida Neves X Posto Poupa Tempo<\/p>\n<p>Av Pres. Tancredo de Almeida Neves X Rua Asea<\/p>\n<p>Av Pres. Tancredo de Almeida Neves X Rua Kida<\/p>\n<p>Av Pres. Tancredo de Almeida Neves X Rua Jos\u00e9 Campanella<\/p>\n<p>Av Pres. Tancredo de Almeida Neves X Adamastor<\/p>\n<p>Av L\u00eddio F Santana X Telha Norte<\/p>\n<p>Av Monteiro Lobato X Av Paulo Faccini<\/p>\n<p>Av Paulo Faccini X Travessa Do Ros\u00e1rio<\/p>\n<p>Av Paulo Faccini X Rua Silvio Barbosa<\/p>\n<p>Av Paulo Faccini X Rua Tabajara<\/p>\n<p>Av Paulo Faccini X Pra\u00e7a<\/p>\n<p>Av Paulo Faccini X Rua Maraj\u00f3<\/p>\n<p>Av Paulo Faccini X Av Tiradentes<\/p>\n<p>&nbsp;<\/p>\n<p>&nbsp;<\/p>\n<p>Foto: Diego Secco\/PMG<\/p>\n","protected":false},"excerpt":{"rendered":"<p>Na manh\u00e3 deste domingo (17), entre 6h e 12h, a regi\u00e3o central de Guarulhos ter\u00e1 116 pontos, entre ruas e avenidas, interditados ao tr\u00e2nsito de ve\u00edculos para realiza\u00e7\u00e3o da 1\u00aa Meia Maratona Internacional da cidade. O trabalho de prepara\u00e7\u00e3o das vias para a passagem dos atletas come\u00e7a j\u00e1 \u00e0s 23h de s\u00e1bado (16) com a [&hellip;]<\/p>\n","protected":false},"author":1,"featured_media":1500,"comment_status":"open","ping_status":"open","sticky":false,"template":"","format":"standard","meta":{"footnotes":""},"categories":[3],"tags":[],"class_list":{"0":"post-1499","1":"post","2":"type-post","3":"status-publish","4":"format-standard","5":"has-post-thumbnail","7":"category-guarulhos"},"_links":{"self":[{"href":"https:\/\/jm-metropole.com.br\/site\/wp-json\/wp\/v2\/posts\/1499","targetHints":{"allow":["GET"]}}],"collection":[{"href":"https:\/\/jm-metropole.com.br\/site\/wp-json\/wp\/v2\/posts"}],"about":[{"href":"https:\/\/jm-metropole.com.br\/site\/wp-json\/wp\/v2\/types\/post"}],"author":[{"embeddable":true,"href":"https:\/\/jm-metropole.com.br\/site\/wp-json\/wp\/v2\/users\/1"}],"replies":[{"embeddable":true,"href":"https:\/\/jm-metropole.com.br\/site\/wp-json\/wp\/v2\/comments?post=1499"}],"version-history":[{"count":1,"href":"https:\/\/jm-metropole.com.br\/site\/wp-json\/wp\/v2\/posts\/1499\/revisions"}],"predecessor-version":[{"id":1501,"href":"https:\/\/jm-metropole.com.br\/site\/wp-json\/wp\/v2\/posts\/1499\/revisions\/1501"}],"wp:featuredmedia":[{"embeddable":true,"href":"https:\/\/jm-metropole.com.br\/site\/wp-json\/wp\/v2\/media\/1500"}],"wp:attachment":[{"href":"https:\/\/jm-metropole.com.br\/site\/wp-json\/wp\/v2\/media?parent=1499"}],"wp:term":[{"taxonomy":"category","embeddable":true,"href":"https:\/\/jm-metropole.com.br\/site\/wp-json\/wp\/v2\/categories?post=1499"},{"taxonomy":"post_tag","embeddable":true,"href":"https:\/\/jm-metropole.com.br\/site\/wp-json\/wp\/v2\/tags?post=1499"}],"curies":[{"name":"wp","href":"https:\/\/api.w.org\/{rel}","templated":true}]}}