{"id":1487,"date":"2022-07-15T06:36:02","date_gmt":"2022-07-15T09:36:02","guid":{"rendered":"https:\/\/jm-metropole.com.br\/site\/?p=1487"},"modified":"2022-07-15T06:36:02","modified_gmt":"2022-07-15T09:36:02","slug":"predio-da-25-de-marco-atingido-por-incendio-comeca-a-ser-demolido-sabado","status":"publish","type":"post","link":"https:\/\/jm-metropole.com.br\/site\/predio-da-25-de-marco-atingido-por-incendio-comeca-a-ser-demolido-sabado\/","title":{"rendered":"Pr\u00e9dio da 25 de mar\u00e7o atingido por inc\u00eandio come\u00e7a a ser demolido s\u00e1bado"},"content":{"rendered":"<p>O pr\u00e9dio de dez andares que foi atingido por inc\u00eandio na regi\u00e3o da 25 de Mar\u00e7o, no centro da capital paulista, ser\u00e1 demolido pela prefeitura, a demoli\u00e7\u00e3o come\u00e7ar\u00e1 no pr\u00f3ximo s\u00e1bado (16). O condom\u00ednio Edif\u00edcio Com\u00e9rcio e Ind\u00fastria, \u00e9 localizado na Rua Comendador Abdo Schahin, 78, regi\u00e3o central da cidade.<\/p>\n<p>Uma assembl\u00e9ia de propriet\u00e1rios aprovou na noite da \u00faltima quarta-feira (13), a proposta apresentada pela gest\u00e3o municipal e aceitou amigavelmente a demoli\u00e7\u00e3o do edif\u00edcio atingido pelo inc\u00eandio iniciado no domingo (10).<\/p>\n<p>Com decis\u00e3o, n\u00e3o haver\u00e1 mais a necessidade de a\u00e7\u00e3o judicial para obter a autoriza\u00e7\u00e3o para a demoli\u00e7\u00e3o e \u201co problema poder\u00e1 ser resolvido de forma mais r\u00e1pida\u201d, informou em nota a prefeitura da capital.<\/p>\n<p>Na manh\u00e3 desta quinta-feira, o Corpo de Bombeiros informou, em sua p\u00e1gina no Twitter, que as opera\u00e7\u00f5es no edif\u00edcio Com\u00e9rcio e Ind\u00fastria, bem como no entorno da regi\u00e3o 25 de mar\u00e7o j\u00e1 foram finalizadas. \u201cEventualmente algum foco de inc\u00eandio pode ter sua reigni\u00e7\u00e3o, entretanto, at\u00e9 o momento, sem risco de se tornar um inc\u00eandio de grandes propor\u00e7\u00f5es que possa afetar as edifica\u00e7\u00f5es adjacentes ou colocar em risco a popula\u00e7\u00e3o que frequenta a regi\u00e3o. N\u00f3s estamos monitorando e enviando uma viatura para reavalia\u00e7\u00e3o\u201d, informou a publica\u00e7\u00e3o.<\/p>\n<p>A Secretaria Municipal de Infraestrutura Urbana e Obras (Siurb) j\u00e1 recebeu o projeto arquitet\u00f4nico original do pr\u00e9dio e todos documentos e materiais existentes, como plantas, imagens de drone e relat\u00f3rios, est\u00e3o sendo analisado na busca de alternativas que reduzam o risco e agilizem a libera\u00e7\u00e3o da \u00e1rea.<\/p>\n<p>Como o edif\u00edcio apresenta risco de colapso, n\u00e3o \u00e9 poss\u00edvel que t\u00e9cnicos acessem seu interior. Vistorias complementares com drones ser\u00e3o realizadas para capta\u00e7\u00e3o de imagens que ir\u00e3o mostrar o real estado dos elementos estruturais (vigas, pilares e lajes) de todos os andares do edif\u00edcio.<\/p>\n<p>A partir dessas informa\u00e7\u00f5es complementares ser\u00e1 poss\u00edvel determinar se o edif\u00edcio ter\u00e1 de ser demolido parcialmente ou em sua totalidade. Em vistoria realizada na ter\u00e7a-feira (12), o engenheiro da Subprefeitura da S\u00e9, \u00c1lvaro de Godoy Filho, identificou risco \u00e0s estruturas e, por medida de seguran\u00e7a, nove edif\u00edcios foram interditados de maneira parcial ou total, conforme o risco que apresentam como consta do laudo t\u00e9cnico. Os im\u00f3veis n\u00e3o s\u00e3o residenciais e n\u00e3o h\u00e1 desabrigados.<\/p>\n<p>Os endere\u00e7os s\u00e3o os seguintes:<\/p>\n<p>*R Cavalheiro Bas\u00edlio Jafet, 115<\/p>\n<p>* R Br de Duprat, 41<\/p>\n<p>* R Br de Duprat, 39<\/p>\n<p>* R Cav Basilio Jafet, 127<\/p>\n<p>* R 25 de mar\u00e7o, 734<\/p>\n<p>* R Cav Bas\u00edlio Jafet, 107<\/p>\n<p>* R 25 de mar\u00e7o, 702<\/p>\n<p>* R Com Abdo Schahin, 94<\/p>\n<p>* R Com Abdo Schahin, 78<\/p>\n","protected":false},"excerpt":{"rendered":"<p>O pr\u00e9dio de dez andares que foi atingido por inc\u00eandio na regi\u00e3o da 25 de Mar\u00e7o, no centro da capital paulista, ser\u00e1 demolido pela prefeitura, a demoli\u00e7\u00e3o come\u00e7ar\u00e1 no pr\u00f3ximo s\u00e1bado (16). O condom\u00ednio Edif\u00edcio Com\u00e9rcio e Ind\u00fastria, \u00e9 localizado na Rua Comendador Abdo Schahin, 78, regi\u00e3o central da cidade. Uma assembl\u00e9ia de propriet\u00e1rios aprovou [&hellip;]<\/p>\n","protected":false},"author":1,"featured_media":1488,"comment_status":"open","ping_status":"open","sticky":false,"template":"","format":"standard","meta":{"footnotes":""},"categories":[2],"tags":[],"class_list":{"0":"post-1487","1":"post","2":"type-post","3":"status-publish","4":"format-standard","5":"has-post-thumbnail","7":"category-cidades"},"_links":{"self":[{"href":"https:\/\/jm-metropole.com.br\/site\/wp-json\/wp\/v2\/posts\/1487","targetHints":{"allow":["GET"]}}],"collection":[{"href":"https:\/\/jm-metropole.com.br\/site\/wp-json\/wp\/v2\/posts"}],"about":[{"href":"https:\/\/jm-metropole.com.br\/site\/wp-json\/wp\/v2\/types\/post"}],"author":[{"embeddable":true,"href":"https:\/\/jm-metropole.com.br\/site\/wp-json\/wp\/v2\/users\/1"}],"replies":[{"embeddable":true,"href":"https:\/\/jm-metropole.com.br\/site\/wp-json\/wp\/v2\/comments?post=1487"}],"version-history":[{"count":1,"href":"https:\/\/jm-metropole.com.br\/site\/wp-json\/wp\/v2\/posts\/1487\/revisions"}],"predecessor-version":[{"id":1489,"href":"https:\/\/jm-metropole.com.br\/site\/wp-json\/wp\/v2\/posts\/1487\/revisions\/1489"}],"wp:featuredmedia":[{"embeddable":true,"href":"https:\/\/jm-metropole.com.br\/site\/wp-json\/wp\/v2\/media\/1488"}],"wp:attachment":[{"href":"https:\/\/jm-metropole.com.br\/site\/wp-json\/wp\/v2\/media?parent=1487"}],"wp:term":[{"taxonomy":"category","embeddable":true,"href":"https:\/\/jm-metropole.com.br\/site\/wp-json\/wp\/v2\/categories?post=1487"},{"taxonomy":"post_tag","embeddable":true,"href":"https:\/\/jm-metropole.com.br\/site\/wp-json\/wp\/v2\/tags?post=1487"}],"curies":[{"name":"wp","href":"https:\/\/api.w.org\/{rel}","templated":true}]}}