{"id":14653,"date":"2023-12-21T14:22:14","date_gmt":"2023-12-21T17:22:14","guid":{"rendered":"https:\/\/jm-metropole.com.br\/site\/?p=14653"},"modified":"2023-12-21T14:22:14","modified_gmt":"2023-12-21T17:22:14","slug":"confira-o-que-abre-e-o-que-fecha-no-natal-em-aruja","status":"publish","type":"post","link":"https:\/\/jm-metropole.com.br\/site\/confira-o-que-abre-e-o-que-fecha-no-natal-em-aruja\/","title":{"rendered":"CONFIRA O QUE ABRE E O QUE FECHA NO NATAL EM ARUJ\u00c1"},"content":{"rendered":"<p>A Prefeitura de Aruj\u00e1 e outros departamentos da Administra\u00e7\u00e3o Municipal n\u00e3o ter\u00e3o expediente nesta segunda-feira (25), durante o Natal. O trabalho nas reparti\u00e7\u00f5es p\u00fablicas voltar\u00e1 ao normal na ter\u00e7a-feira (26), logo pela manh\u00e3.<\/p>\n<p>A vacina\u00e7\u00e3o contra a Covid-19 ser\u00e1 retomada tamb\u00e9m na ter\u00e7a-feira (26), das 8 \u00e0s 16 horas, para pessoas a partir dos 06 meses de idade, no Centro de Especialidades M\u00e9dicas (CEM) ou nas Unidades B\u00e1sicas de Sa\u00fade (UBS).<br \/>\nVale lembrar que as Unidades B\u00e1sicas de Sa\u00fade (UBS) n\u00e3o funcionar\u00e3o na segunda (25), mas o Pronto Atendimento Municipal (PAM) Barreto e o Pronto Atendimento (PA) Central atendem 24 horas.<\/p>\n<p>A rede municipal de Ensino passa pelo per\u00edodo de f\u00e9rias escolares, sendo que as aulas retornam apenas no dia 06 de fevereiro.<\/p>\n<p>As casas lot\u00e9ricas e os bancos folgam na segunda e retornam na ter\u00e7a-feira. Os Correios voltam apenas na quarta-feira (27).<\/p>\n<p>A Sabesp ter\u00e1 atendimento de emerg\u00eancia pelo 0800 011 9911 na segunda e, na ter\u00e7a-feira, o funcionamento da ag\u00eancia ser\u00e1 retomado. J\u00e1 a Elektro ter\u00e1 dispon\u00edveis, no feriado (25), apenas os servi\u00e7os de emerg\u00eancia, como manuten\u00e7\u00f5es, que podem ser acionados pelo telefone 0800 701 01 03. Na ter\u00e7a, ap\u00f3s a paralisa\u00e7\u00e3o, o atendimento voltar\u00e1 ao normal. A coleta de lixo seguir\u00e1 um esquema diferente nos setores em que normalmente \u00e9 feita na segunda-feira. As equipes passar\u00e3o no domingo (v\u00e9speras de Natal) e, na ter\u00e7a-feira, o cronograma volta ao normal.<\/p>\n","protected":false},"excerpt":{"rendered":"<p>A Prefeitura de Aruj\u00e1 e outros departamentos da Administra\u00e7\u00e3o Municipal n\u00e3o ter\u00e3o expediente nesta segunda-feira (25), durante o Natal. O trabalho nas reparti\u00e7\u00f5es p\u00fablicas voltar\u00e1 ao normal na ter\u00e7a-feira (26), logo pela manh\u00e3. A vacina\u00e7\u00e3o contra a Covid-19 ser\u00e1 retomada tamb\u00e9m na ter\u00e7a-feira (26), das 8 \u00e0s 16 horas, para pessoas a partir dos 06 [&hellip;]<\/p>\n","protected":false},"author":1,"featured_media":14654,"comment_status":"open","ping_status":"open","sticky":false,"template":"","format":"standard","meta":{"footnotes":""},"categories":[4],"tags":[],"class_list":{"0":"post-14653","1":"post","2":"type-post","3":"status-publish","4":"format-standard","5":"has-post-thumbnail","7":"category-aruja"},"_links":{"self":[{"href":"https:\/\/jm-metropole.com.br\/site\/wp-json\/wp\/v2\/posts\/14653","targetHints":{"allow":["GET"]}}],"collection":[{"href":"https:\/\/jm-metropole.com.br\/site\/wp-json\/wp\/v2\/posts"}],"about":[{"href":"https:\/\/jm-metropole.com.br\/site\/wp-json\/wp\/v2\/types\/post"}],"author":[{"embeddable":true,"href":"https:\/\/jm-metropole.com.br\/site\/wp-json\/wp\/v2\/users\/1"}],"replies":[{"embeddable":true,"href":"https:\/\/jm-metropole.com.br\/site\/wp-json\/wp\/v2\/comments?post=14653"}],"version-history":[{"count":1,"href":"https:\/\/jm-metropole.com.br\/site\/wp-json\/wp\/v2\/posts\/14653\/revisions"}],"predecessor-version":[{"id":14655,"href":"https:\/\/jm-metropole.com.br\/site\/wp-json\/wp\/v2\/posts\/14653\/revisions\/14655"}],"wp:featuredmedia":[{"embeddable":true,"href":"https:\/\/jm-metropole.com.br\/site\/wp-json\/wp\/v2\/media\/14654"}],"wp:attachment":[{"href":"https:\/\/jm-metropole.com.br\/site\/wp-json\/wp\/v2\/media?parent=14653"}],"wp:term":[{"taxonomy":"category","embeddable":true,"href":"https:\/\/jm-metropole.com.br\/site\/wp-json\/wp\/v2\/categories?post=14653"},{"taxonomy":"post_tag","embeddable":true,"href":"https:\/\/jm-metropole.com.br\/site\/wp-json\/wp\/v2\/tags?post=14653"}],"curies":[{"name":"wp","href":"https:\/\/api.w.org\/{rel}","templated":true}]}}