{"id":14647,"date":"2023-12-21T12:54:30","date_gmt":"2023-12-21T15:54:30","guid":{"rendered":"https:\/\/jm-metropole.com.br\/site\/?p=14647"},"modified":"2023-12-21T12:54:30","modified_gmt":"2023-12-21T15:54:30","slug":"vanderlon-gomes-e-eleito-presidente-do-condemat","status":"publish","type":"post","link":"https:\/\/jm-metropole.com.br\/site\/vanderlon-gomes-e-eleito-presidente-do-condemat\/","title":{"rendered":"Vanderlon Gomes \u00e9 eleito presidente do CONDEMAT"},"content":{"rendered":"<p>Prefeito de Sales\u00f3polis conduzir\u00e1 maior cons\u00f3rcio da Regi\u00e3o Metropolitana de S\u00e3o Paulo no pr\u00f3ximo ano<\/p>\n<p>O prefeito de Sales\u00f3polis, Vanderlon Gomes, \u00e9 o presidente eleito do Cons\u00f3rcio de Desenvolvimento dos Munic\u00edpios do Alto Tiet\u00ea (CONDEMAT). Por unanimidade, ao longo de 2024 ele comandar\u00e1 o maior cons\u00f3rcio da Regi\u00e3o Metropolitana de S\u00e3o Paulo, que abriga mais de tr\u00eas milh\u00f5es de habitantes, o segundo contingente populacional do Estado, perdendo apenas para a Capital.<br \/>\nAl\u00e9m de ser a primeira vez que um administrador de Sales\u00f3polis assume a cadeira da presid\u00eancia, Gomes ser\u00e1 o primeiro prefeito de uma cidade com menos de 20 mil habitantes a assumir a condu\u00e7\u00e3o do cons\u00f3rcio. \u201cNas metas para 2024 temos de dar sequ\u00eancia aos projetos, fortalecer os servi\u00e7os existentes, intensificar a articula\u00e7\u00e3o com os governos e lan\u00e7ar novas a\u00e7\u00f5es, que fomentem o desenvolvimento econ\u00f4mico\u201d, destacou.<br \/>\nVanderlon Gomes ser\u00e1 empossado no cargo em 2 de janeiro como o 10\u00ba prefeito eleito para a presid\u00eancia do CONDEMAT. Com ele, tomam posse o vice-presidente, Rodrigo Ashiuchi, prefeito de Suzano; o primeiro tesoureiro, Jos\u00e9 Luiz Eroles Freire, prefeito de Guararema; o segundo tesoureiro, Elzo Elias de Souza, prefeito de Igarat\u00e1; e o secret\u00e1rio Lu\u00eds Camargo, prefeito de Aruj\u00e1.<br \/>\nJ\u00e1 o prefeito de Guarulhos, Guti, presidir\u00e1 o Conselho Fiscal, com apoio dos membros Carlos Alberto Taino Junior, de Biritiba Mirim, Priscila Gambale, de Ferraz de Vasconcelos, Walid Ali Hamid, de Mairipor\u00e3, e Adriano Levorin, de Santa Branca. Os demais prefeitos integram o Conselho dos Prefeitos.<br \/>\nO atual presidente Caio Cunha, prefeito de Mogi das Cruzes, ressaltou a import\u00e2ncia do cons\u00f3rcio que, mesmo com uma equipe enxuta, desenvolve uma s\u00e9rie de servi\u00e7os e programas que apoiam os munic\u00edpios. E falou sobre o consenso dos consorciados de ter uma chapa \u00fanica.<br \/>\n\u201cEssa elei\u00e7\u00e3o, mais uma vez, mostra a harmonia de todos os prefeitos. Tivemos grandes avan\u00e7os ao longo desse ano. Nessa gest\u00e3o conseguimos, por exemplo, captar cerca de R$ 8,5 milh\u00f5es para nossa regi\u00e3o junto ao Fehidro (Fundo Estadual de Recursos H\u00eddricos). Para o pr\u00f3ximo ano teremos um or\u00e7amento 58% maior, muito por causa dessas capta\u00e7\u00f5es de recursos. Com esse valor ser\u00e1 poss\u00edvel fazer todas as entregas programadas, al\u00e9m das iniciativas projetadas pelo prefeito Vanderlon\u201d, disse.<br \/>\nNa lista de prioridades da nova gest\u00e3o est\u00e1 a implanta\u00e7\u00e3o da Rota Caipira, a atra\u00e7\u00e3o de novas cidades ao cons\u00f3rcio, a implanta\u00e7\u00e3o do Servi\u00e7o de Inspe\u00e7\u00e3o Municipal, e outras iniciativas que fomentem o desenvolvimento econ\u00f4mico.<br \/>\nAtualmente, o cons\u00f3rcio que \u00e9 reconhecido pela sua atua\u00e7\u00e3o e representatividade, possui mais de 10 parcerias e acordos de coopera\u00e7\u00e3o t\u00e9cnica vigentes em diversas \u00e1reas, como sa\u00fade, turismo, arquitetura e engenharia, educa\u00e7\u00e3o e sustentabilidade. Entre as a\u00e7\u00f5es, os setores de sa\u00fade e a assist\u00eancia social desempenham um importante papel. Al\u00e9m do conv\u00eanio que mant\u00e9m com a Associa\u00e7\u00e3o de Assist\u00eancia \u00e0 Crian\u00e7a Deficiente (AACD), o CONDEMAT responde por cinco Resid\u00eancias Terap\u00eauticas, um Servi\u00e7o de Acolhimento para Mulheres V\u00edtimas de Viol\u00eancia, uma Resid\u00eancia Inclusiva e uma Rep\u00fablica para Jovens.<br \/>\nPor estar inserida em uma \u00e1rea de mananciais e ser endere\u00e7o do Cintur\u00e3o Verde de S\u00e3o Paulo, a sustentabilidade \u00e9 prioridade do CONDEMAT, que conta com uma Usina de Res\u00edduos da Constru\u00e7\u00e3o Civil e \u00e9 o cons\u00f3rcio que mais habilitou projetos junto ao Fehidro. O Estudo da Disponibilidade H\u00eddrica para Agricultura, que teve um investimento de R$ 1,5 milh\u00e3o, est\u00e1 em sua fase final e agora, o CONDEMAT acaba de assinar dois contratos na ordem de R$ 8,3 milh\u00f5es que ser\u00e3o destinados para a elabora\u00e7\u00e3o do Plano Regional de Drenagem e realiza\u00e7\u00e3o da Capacita\u00e7\u00e3o de Boas Pr\u00e1ticas Agr\u00edcolas.<\/p>\n","protected":false},"excerpt":{"rendered":"<p>Prefeito de Sales\u00f3polis conduzir\u00e1 maior cons\u00f3rcio da Regi\u00e3o Metropolitana de S\u00e3o Paulo no pr\u00f3ximo ano O prefeito de Sales\u00f3polis, Vanderlon Gomes, \u00e9 o presidente eleito do Cons\u00f3rcio de Desenvolvimento dos Munic\u00edpios do Alto Tiet\u00ea (CONDEMAT). Por unanimidade, ao longo de 2024 ele comandar\u00e1 o maior cons\u00f3rcio da Regi\u00e3o Metropolitana de S\u00e3o Paulo, que abriga mais [&hellip;]<\/p>\n","protected":false},"author":1,"featured_media":14648,"comment_status":"open","ping_status":"open","sticky":false,"template":"","format":"standard","meta":{"footnotes":""},"categories":[48],"tags":[],"class_list":{"0":"post-14647","1":"post","2":"type-post","3":"status-publish","4":"format-standard","5":"has-post-thumbnail","7":"category-geral"},"_links":{"self":[{"href":"https:\/\/jm-metropole.com.br\/site\/wp-json\/wp\/v2\/posts\/14647","targetHints":{"allow":["GET"]}}],"collection":[{"href":"https:\/\/jm-metropole.com.br\/site\/wp-json\/wp\/v2\/posts"}],"about":[{"href":"https:\/\/jm-metropole.com.br\/site\/wp-json\/wp\/v2\/types\/post"}],"author":[{"embeddable":true,"href":"https:\/\/jm-metropole.com.br\/site\/wp-json\/wp\/v2\/users\/1"}],"replies":[{"embeddable":true,"href":"https:\/\/jm-metropole.com.br\/site\/wp-json\/wp\/v2\/comments?post=14647"}],"version-history":[{"count":1,"href":"https:\/\/jm-metropole.com.br\/site\/wp-json\/wp\/v2\/posts\/14647\/revisions"}],"predecessor-version":[{"id":14649,"href":"https:\/\/jm-metropole.com.br\/site\/wp-json\/wp\/v2\/posts\/14647\/revisions\/14649"}],"wp:featuredmedia":[{"embeddable":true,"href":"https:\/\/jm-metropole.com.br\/site\/wp-json\/wp\/v2\/media\/14648"}],"wp:attachment":[{"href":"https:\/\/jm-metropole.com.br\/site\/wp-json\/wp\/v2\/media?parent=14647"}],"wp:term":[{"taxonomy":"category","embeddable":true,"href":"https:\/\/jm-metropole.com.br\/site\/wp-json\/wp\/v2\/categories?post=14647"},{"taxonomy":"post_tag","embeddable":true,"href":"https:\/\/jm-metropole.com.br\/site\/wp-json\/wp\/v2\/tags?post=14647"}],"curies":[{"name":"wp","href":"https:\/\/api.w.org\/{rel}","templated":true}]}}