{"id":146,"date":"2021-11-24T19:40:22","date_gmt":"2021-11-24T22:40:22","guid":{"rendered":"https:\/\/jm-metropole.com.br\/site\/?p=146"},"modified":"2021-11-24T19:40:22","modified_gmt":"2021-11-24T22:40:22","slug":"campanha-novembro-azul-sera-realizada-neste-sabado-com-exames-gratuitos-em-poa","status":"publish","type":"post","link":"https:\/\/jm-metropole.com.br\/site\/campanha-novembro-azul-sera-realizada-neste-sabado-com-exames-gratuitos-em-poa\/","title":{"rendered":"Campanha Novembro Azul ser\u00e1 realizada neste s\u00e1bado com exames gratuitos em Po\u00e1"},"content":{"rendered":"<p><em>A a\u00e7\u00e3o ser\u00e1 realizada em todas as Unidades B\u00e1sicas de Sa\u00fade com exames preventivos contra o c\u00e2ncer de pr\u00f3stata, das 9 \u00e0s 13 horas<\/em><\/p>\n<p>A Secretaria de Sa\u00fade da Prefeitura de Po\u00e1 realiza neste s\u00e1bado (27\/11), o segundo dia da campanha Novembro Azul, com a realiza\u00e7\u00e3o de orienta\u00e7\u00f5es e exames de preven\u00e7\u00e3o contra o c\u00e2ncer da pr\u00f3stata. A a\u00e7\u00e3o ser\u00e1 realizada em todas as Unidades B\u00e1sicas de Sa\u00fade (UBS) do munic\u00edpio, das 9 \u00e0s 13 horas. No primeiro dia de a\u00e7\u00e3o, 280 homens foram atendidos nas unidades de Estrat\u00e9gia de Sa\u00fade da Fam\u00edlia (ESF).<br \/>\nSegundo a respons\u00e1vel pela Pasta, Claudia Cristina de Deus, neste segundo dia de campanha, ser\u00e1 realizada a coleta de exame PSA (Ant\u00edgeno Prost\u00e1tico Espec\u00edfico) para homens com idade a partir de 40 anos, com o objetivo de rastrear o c\u00e2ncer de pr\u00f3stata, bem como exames de HIV, S\u00edfilis e Hepatite. Al\u00e9m disso, haver\u00e1 ainda atendimento odontol\u00f3gico para avalia\u00e7\u00e3o da cavidade oral, com o objetivo de rastrear o c\u00e2ncer bucal. Os pacientes tamb\u00e9m contar\u00e3o com orienta\u00e7\u00f5es sobre Higiene Bucal e de Enfermagem em rela\u00e7\u00e3o ao c\u00e2ncer de pr\u00f3stata, al\u00e9m de sess\u00f5es de auriculoterapia com fisioterapeutas.<br \/>\n\u201cVale ressaltar que para a coleta do PSA, \u00e9 necess\u00e1rio seguir algumas orienta\u00e7\u00f5es como estar em jejum de quatro horas. Os homens tamb\u00e9m devem se atentar aos intervalos m\u00ednimos necess\u00e1rios para determinadas atividades antes da coleta do exame\u201d, ressaltou Claudia. Os intervalos m\u00ednimos citados pela secret\u00e1ria, s\u00e3o: dois dias de rela\u00e7\u00e3o sexual, ciclismo e equita\u00e7\u00e3o; 3 dias de cateterismo, sondagem uretral, toque retal\/prost\u00e1tico e uso de suposit\u00f3rio; 7 dias de ultrassonografia transretal e colonoscopia; 6 semanas de massagem e bi\u00f3psia prost\u00e1tica.<img loading=\"lazy\" decoding=\"async\" class=\"alignleft size-medium wp-image-148\" src=\"https:\/\/jm-metropole.com.br\/site\/wp-content\/uploads\/2021\/11\/WhatsApp-Image-2021-11-24-at-19.14.30-300x225.jpeg\" alt=\"\" width=\"300\" height=\"225\" srcset=\"https:\/\/jm-metropole.com.br\/site\/wp-content\/uploads\/2021\/11\/WhatsApp-Image-2021-11-24-at-19.14.30-300x225.jpeg 300w, https:\/\/jm-metropole.com.br\/site\/wp-content\/uploads\/2021\/11\/WhatsApp-Image-2021-11-24-at-19.14.30-1024x768.jpeg 1024w, https:\/\/jm-metropole.com.br\/site\/wp-content\/uploads\/2021\/11\/WhatsApp-Image-2021-11-24-at-19.14.30-768x576.jpeg 768w, https:\/\/jm-metropole.com.br\/site\/wp-content\/uploads\/2021\/11\/WhatsApp-Image-2021-11-24-at-19.14.30-150x113.jpeg 150w, https:\/\/jm-metropole.com.br\/site\/wp-content\/uploads\/2021\/11\/WhatsApp-Image-2021-11-24-at-19.14.30-696x522.jpeg 696w, https:\/\/jm-metropole.com.br\/site\/wp-content\/uploads\/2021\/11\/WhatsApp-Image-2021-11-24-at-19.14.30-1068x801.jpeg 1068w, https:\/\/jm-metropole.com.br\/site\/wp-content\/uploads\/2021\/11\/WhatsApp-Image-2021-11-24-at-19.14.30.jpeg 1280w\" sizes=\"auto, (max-width: 300px) 100vw, 300px\" \/><br \/>\nNo primeiro dia da campanha Novembro Azul, nas ESF\u2019s, foram realizados 121 exames de PSA e 93 de testes r\u00e1pidos para HIV, S\u00edfilis, Hepatite C e Hepatite B, al\u00e9m de 68 atendimentos em Sa\u00fade Bucal, com o objetivo de identificar casos de c\u00e2ncer bucal. \u201cO c\u00e2ncer de pr\u00f3stata \u00e9 o que mais afeta a popula\u00e7\u00e3o masculina do nosso Pa\u00eds, depois do c\u00e2ncer de pele n\u00e3o melanoma. Por isso resolvemos realizar esta a\u00e7\u00e3o que tem como objetivo identificar a exist\u00eancia do c\u00e2ncer de pr\u00f3stata e, principalmente, orientar e conscientizar sobre a necessidade de frear o preconceito em rela\u00e7\u00e3o aos exames e mostrar a import\u00e2ncia do diagn\u00f3stico precoce da doen\u00e7a\u201d, finalizou a secret\u00e1ria.<br \/>\nA campanha ser\u00e1 realizada neste s\u00e1bado (27\/11), das 9 \u00e0s 13 horas, nas UBS\u2019s Jos\u00e9 Pereta (rua Lindolfo Raimundo Ribeiro, 270, Vila Pereta), Centro de Sa\u00fade (CS) II Farid Domingues (avenida Padre Anchieta, 146, Centro), Tito Fuga (rua Maria Helena, 159, Calmon Viana), Doutor Cypriano Monaco (rua Esperidi\u00e3o Hoffer, 223, Jardim Nova Po\u00e1), Wellington Lopes (rua Esmeralda, 88, Jardim Am\u00e9rica), Vila Ja\u00fa (rua In\u00e1cia Alves da Silva, 444, Vila Ja\u00fa) e Santa Helena (rua Men de S\u00e1, 560, Jardim Santa Helena).<\/p>\n<p>FOTOS: Rodrigo Nagafuti \u2013 Secom Po\u00e1<\/p>\n","protected":false},"excerpt":{"rendered":"<p>A a\u00e7\u00e3o ser\u00e1 realizada em todas as Unidades B\u00e1sicas de Sa\u00fade com exames preventivos contra o c\u00e2ncer de pr\u00f3stata, das 9 \u00e0s 13 horas A Secretaria de Sa\u00fade da Prefeitura de Po\u00e1 realiza neste s\u00e1bado (27\/11), o segundo dia da campanha Novembro Azul, com a realiza\u00e7\u00e3o de orienta\u00e7\u00f5es e exames de preven\u00e7\u00e3o contra o c\u00e2ncer [&hellip;]<\/p>\n","protected":false},"author":1,"featured_media":149,"comment_status":"open","ping_status":"open","sticky":false,"template":"","format":"standard","meta":{"footnotes":""},"categories":[19,11],"tags":[],"class_list":{"0":"post-146","1":"post","2":"type-post","3":"status-publish","4":"format-standard","5":"has-post-thumbnail","7":"category-poa","8":"category-saude"},"_links":{"self":[{"href":"https:\/\/jm-metropole.com.br\/site\/wp-json\/wp\/v2\/posts\/146","targetHints":{"allow":["GET"]}}],"collection":[{"href":"https:\/\/jm-metropole.com.br\/site\/wp-json\/wp\/v2\/posts"}],"about":[{"href":"https:\/\/jm-metropole.com.br\/site\/wp-json\/wp\/v2\/types\/post"}],"author":[{"embeddable":true,"href":"https:\/\/jm-metropole.com.br\/site\/wp-json\/wp\/v2\/users\/1"}],"replies":[{"embeddable":true,"href":"https:\/\/jm-metropole.com.br\/site\/wp-json\/wp\/v2\/comments?post=146"}],"version-history":[{"count":1,"href":"https:\/\/jm-metropole.com.br\/site\/wp-json\/wp\/v2\/posts\/146\/revisions"}],"predecessor-version":[{"id":150,"href":"https:\/\/jm-metropole.com.br\/site\/wp-json\/wp\/v2\/posts\/146\/revisions\/150"}],"wp:featuredmedia":[{"embeddable":true,"href":"https:\/\/jm-metropole.com.br\/site\/wp-json\/wp\/v2\/media\/149"}],"wp:attachment":[{"href":"https:\/\/jm-metropole.com.br\/site\/wp-json\/wp\/v2\/media?parent=146"}],"wp:term":[{"taxonomy":"category","embeddable":true,"href":"https:\/\/jm-metropole.com.br\/site\/wp-json\/wp\/v2\/categories?post=146"},{"taxonomy":"post_tag","embeddable":true,"href":"https:\/\/jm-metropole.com.br\/site\/wp-json\/wp\/v2\/tags?post=146"}],"curies":[{"name":"wp","href":"https:\/\/api.w.org\/{rel}","templated":true}]}}