{"id":1310,"date":"2022-07-07T14:08:55","date_gmt":"2022-07-07T17:08:55","guid":{"rendered":"https:\/\/jm-metropole.com.br\/site\/?p=1310"},"modified":"2022-07-07T14:08:55","modified_gmt":"2022-07-07T17:08:55","slug":"santa-isabel-promove-festival-de-atletismo-e-recebe-atleta-olimpico","status":"publish","type":"post","link":"https:\/\/jm-metropole.com.br\/site\/santa-isabel-promove-festival-de-atletismo-e-recebe-atleta-olimpico\/","title":{"rendered":"Santa Isabel promove festival de atletismo e recebe atleta ol\u00edmpico"},"content":{"rendered":"<p>Em comemora\u00e7\u00e3o aos 190 anos de Santa Isabel, no s\u00e1bado (09\/07) ocorrer\u00e1 o festival de atletismo, das 9h \u00e0s 13h, no Parque Municipal, com o atleta Eder Ant\u00f4nio de Souza, que foi semifinalista no Campeonato Mundial de Atletismo de Londres de 2017, campe\u00e3o do Trof\u00e9u Brasil de Atletismo, semifinalista dos Jogos Ol\u00edmpicos do Rio em 2016 e possui diversas premia\u00e7\u00f5es. Para mais informa\u00e7\u00f5es, entre em contato com a secretaria municipal de Esportes e Lazer, pelo telefone 4656-4022.<br \/>\nSERVI\u00c7O:<br \/>\nDATA: S\u00e1bado (09\/07);<br \/>\nLOCAL: Parque Municipal, pr\u00f3ximo ao Gin\u00e1sio Municipal de Esportes Francisco Souza, localizado na rua Prefeito Hyer\u00f3clio El\u00f3y Pessoa de Barros, Jardim Monte Serrat;<br \/>\nHOR\u00c1RIO: Das 9h \u00e0s 13h;<br \/>\nCONTATO: 4656-<\/p>\n","protected":false},"excerpt":{"rendered":"<p>Em comemora\u00e7\u00e3o aos 190 anos de Santa Isabel, no s\u00e1bado (09\/07) ocorrer\u00e1 o festival de atletismo, das 9h \u00e0s 13h, no Parque Municipal, com o atleta Eder Ant\u00f4nio de Souza, que foi semifinalista no Campeonato Mundial de Atletismo de Londres de 2017, campe\u00e3o do Trof\u00e9u Brasil de Atletismo, semifinalista dos Jogos Ol\u00edmpicos do Rio em [&hellip;]<\/p>\n","protected":false},"author":1,"featured_media":1311,"comment_status":"open","ping_status":"open","sticky":false,"template":"","format":"standard","meta":{"footnotes":""},"categories":[5],"tags":[],"class_list":{"0":"post-1310","1":"post","2":"type-post","3":"status-publish","4":"format-standard","5":"has-post-thumbnail","7":"category-santa-isabel"},"_links":{"self":[{"href":"https:\/\/jm-metropole.com.br\/site\/wp-json\/wp\/v2\/posts\/1310","targetHints":{"allow":["GET"]}}],"collection":[{"href":"https:\/\/jm-metropole.com.br\/site\/wp-json\/wp\/v2\/posts"}],"about":[{"href":"https:\/\/jm-metropole.com.br\/site\/wp-json\/wp\/v2\/types\/post"}],"author":[{"embeddable":true,"href":"https:\/\/jm-metropole.com.br\/site\/wp-json\/wp\/v2\/users\/1"}],"replies":[{"embeddable":true,"href":"https:\/\/jm-metropole.com.br\/site\/wp-json\/wp\/v2\/comments?post=1310"}],"version-history":[{"count":1,"href":"https:\/\/jm-metropole.com.br\/site\/wp-json\/wp\/v2\/posts\/1310\/revisions"}],"predecessor-version":[{"id":1312,"href":"https:\/\/jm-metropole.com.br\/site\/wp-json\/wp\/v2\/posts\/1310\/revisions\/1312"}],"wp:featuredmedia":[{"embeddable":true,"href":"https:\/\/jm-metropole.com.br\/site\/wp-json\/wp\/v2\/media\/1311"}],"wp:attachment":[{"href":"https:\/\/jm-metropole.com.br\/site\/wp-json\/wp\/v2\/media?parent=1310"}],"wp:term":[{"taxonomy":"category","embeddable":true,"href":"https:\/\/jm-metropole.com.br\/site\/wp-json\/wp\/v2\/categories?post=1310"},{"taxonomy":"post_tag","embeddable":true,"href":"https:\/\/jm-metropole.com.br\/site\/wp-json\/wp\/v2\/tags?post=1310"}],"curies":[{"name":"wp","href":"https:\/\/api.w.org\/{rel}","templated":true}]}}