{"id":13079,"date":"2023-10-02T10:46:03","date_gmt":"2023-10-02T13:46:03","guid":{"rendered":"https:\/\/jm-metropole.com.br\/site\/?p=13079"},"modified":"2023-10-02T10:46:03","modified_gmt":"2023-10-02T13:46:03","slug":"no-mes-de-aniversario-da-cidade-itaqua-promove-coletiva-de-imprensa-e-apresenta-avancos","status":"publish","type":"post","link":"https:\/\/jm-metropole.com.br\/site\/no-mes-de-aniversario-da-cidade-itaqua-promove-coletiva-de-imprensa-e-apresenta-avancos\/","title":{"rendered":"No m\u00eas de anivers\u00e1rio da cidade, Itaqu\u00e1 promove coletiva de imprensa e apresenta avan\u00e7os"},"content":{"rendered":"<p>Balan\u00e7o foi exposto pelo prefeito Eduardo Boigues<\/p>\n<p>A Prefeitura de Itaquaquecetuba realizou, na \u00faltima quinta-feira (28), uma coletiva de imprensa com os ve\u00edculos de comunica\u00e7\u00e3o do Alto Tiet\u00ea para um balan\u00e7o do que foi concretizado pela administra\u00e7\u00e3o p\u00fablica no m\u00eas em que a cidade comemora 463 anos. A apresenta\u00e7\u00e3o foi feita pelo prefeito Eduardo Boigues ao lado da primeira-dama e presidente do Fundo Social de Solidariedade, Mila Prates.<\/p>\n<p>Com caf\u00e9 da manh\u00e3 especial para recepcionar os presentes, Boigues abriu a cerim\u00f4nia expondo os principais feitos da gest\u00e3o, fazendo um balan\u00e7o de destaques de cada secretaria. Para auxiliar a imprensa durante a coletiva, foi distribu\u00edda uma cartilha e o jornal da presta\u00e7\u00e3o de contas elaborado pelo Departamento de Comunica\u00e7\u00e3o e distribu\u00eddo \u00e0 popula\u00e7\u00e3o no primeiro semestre deste ano.<\/p>\n<p>&#8220;A administra\u00e7\u00e3o p\u00fablica exige, entre outras coisas, transpar\u00eancia e resultados. Pensando nisso, convidamos todos os ve\u00edculos da imprensa para apresentarmos um apanhado do trabalho realizado at\u00e9 aqui e mostrar o quanto a cidade est\u00e1 se desenvolvendo&#8221;, disse o prefeito.<\/p>\n<p>O material inclui a entrega de 21 unidades escolares, de servi\u00e7os e equipamentos de sa\u00fade, a reestrutura\u00e7\u00e3o do Campo do Brasil e constru\u00e7\u00e3o do Complexo Esportivo do Jardim Caiuby, o in\u00edcio da reforma da pista de skate da Vila Virg\u00ednia, obras de infraestrutura e mais de 40 bairros que j\u00e1 receberam instala\u00e7\u00f5es de l\u00e2mpadas de LED.<\/p>\n<p>O chefe do Executivo tamb\u00e9m falou sobre as finan\u00e7as, investimentos na seguran\u00e7a com novo armamento e viaturas, em inclus\u00e3o social para melhorar o atendimento \u00e0s pessoas com defici\u00eancia, na preserva\u00e7\u00e3o do meio ambiente com a cria\u00e7\u00e3o da Guarda Ambiental e entrega de 12 ecopontos, assim como a realiza\u00e7\u00e3o de grandes eventos sem custos para a prefeitura.<\/p>\n<p>Presente na coletiva, o secret\u00e1rio de Governo e Obras, respons\u00e1vel pelo Departamento de Comunica\u00e7\u00e3o, Marcello Barbosa, destacou a import\u00e2ncia do trabalho de levar informa\u00e7\u00e3o de qualidade aos ve\u00edculos de imprensa e, principalmente, \u00e0 popula\u00e7\u00e3o.<\/p>\n<p>&#8220;A transforma\u00e7\u00e3o em Itaquaquecetuba ocorre de dentro para fora. Hoje a cidade tem uma identidade visual padronizada e recebe a devida cobertura em cada evento. Isso demonstra a nossa preocupa\u00e7\u00e3o em prestar contas do que est\u00e1 sendo feito&#8221;, completou.<\/p>\n<p>Fotos: Dayane Oliveira<\/p>\n","protected":false},"excerpt":{"rendered":"<p>Balan\u00e7o foi exposto pelo prefeito Eduardo Boigues A Prefeitura de Itaquaquecetuba realizou, na \u00faltima quinta-feira (28), uma coletiva de imprensa com os ve\u00edculos de comunica\u00e7\u00e3o do Alto Tiet\u00ea para um balan\u00e7o do que foi concretizado pela administra\u00e7\u00e3o p\u00fablica no m\u00eas em que a cidade comemora 463 anos. A apresenta\u00e7\u00e3o foi feita pelo prefeito Eduardo Boigues [&hellip;]<\/p>\n","protected":false},"author":1,"featured_media":13080,"comment_status":"open","ping_status":"open","sticky":false,"template":"","format":"standard","meta":{"footnotes":""},"categories":[6],"tags":[],"class_list":{"0":"post-13079","1":"post","2":"type-post","3":"status-publish","4":"format-standard","5":"has-post-thumbnail","7":"category-itaqua"},"_links":{"self":[{"href":"https:\/\/jm-metropole.com.br\/site\/wp-json\/wp\/v2\/posts\/13079","targetHints":{"allow":["GET"]}}],"collection":[{"href":"https:\/\/jm-metropole.com.br\/site\/wp-json\/wp\/v2\/posts"}],"about":[{"href":"https:\/\/jm-metropole.com.br\/site\/wp-json\/wp\/v2\/types\/post"}],"author":[{"embeddable":true,"href":"https:\/\/jm-metropole.com.br\/site\/wp-json\/wp\/v2\/users\/1"}],"replies":[{"embeddable":true,"href":"https:\/\/jm-metropole.com.br\/site\/wp-json\/wp\/v2\/comments?post=13079"}],"version-history":[{"count":1,"href":"https:\/\/jm-metropole.com.br\/site\/wp-json\/wp\/v2\/posts\/13079\/revisions"}],"predecessor-version":[{"id":13081,"href":"https:\/\/jm-metropole.com.br\/site\/wp-json\/wp\/v2\/posts\/13079\/revisions\/13081"}],"wp:featuredmedia":[{"embeddable":true,"href":"https:\/\/jm-metropole.com.br\/site\/wp-json\/wp\/v2\/media\/13080"}],"wp:attachment":[{"href":"https:\/\/jm-metropole.com.br\/site\/wp-json\/wp\/v2\/media?parent=13079"}],"wp:term":[{"taxonomy":"category","embeddable":true,"href":"https:\/\/jm-metropole.com.br\/site\/wp-json\/wp\/v2\/categories?post=13079"},{"taxonomy":"post_tag","embeddable":true,"href":"https:\/\/jm-metropole.com.br\/site\/wp-json\/wp\/v2\/tags?post=13079"}],"curies":[{"name":"wp","href":"https:\/\/api.w.org\/{rel}","templated":true}]}}