{"id":13071,"date":"2023-10-02T10:18:07","date_gmt":"2023-10-02T13:18:07","guid":{"rendered":"https:\/\/jm-metropole.com.br\/site\/?p=13071"},"modified":"2023-10-02T10:18:07","modified_gmt":"2023-10-02T13:18:07","slug":"refis-de-itaqua-e-prorrogado-ate-26-de-dezembro","status":"publish","type":"post","link":"https:\/\/jm-metropole.com.br\/site\/refis-de-itaqua-e-prorrogado-ate-26-de-dezembro\/","title":{"rendered":"Refis de Itaqu\u00e1 \u00e9 prorrogado at\u00e9 26 de dezembro"},"content":{"rendered":"<p>Programa permite o parcelamento de tributos municipais em at\u00e9 48 vezes<\/p>\n<p>A Prefeitura de Itaquaquecetuba prorrogou o Programa de Regulariza\u00e7\u00e3o Fiscal (Refis) ap\u00f3s a grande procura dos \u00faltimos dias. O prazo foi estendido at\u00e9 26 de dezembro para que os contribuintes possam aproveitar os descontos em juros e multas de at\u00e9 100%.<\/p>\n<p>&#8220;A prorroga\u00e7\u00e3o atende aos interesses dos mun\u00edcipes e por isso decidimos que o melhor seria estender o prazo, beneficiando ainda mais a popula\u00e7\u00e3o&#8221;, disse o prefeito Eduardo Boigues.\u00a0D\u00e1 pra pagar com 100% de desconto em juros e multas em 12 vezes, com 75% de desconto em 24 parcelas, 50% em 36 vezes e 25% em 48.<\/p>\n<p>\u00c9 poss\u00edvel negociar d\u00edvidas de IPTU (Imposto sobre a Propriedade Predial e Territorial Urbana), COSIP (Contribui\u00e7\u00e3o para o Custeio do Servi\u00e7o de Ilumina\u00e7\u00e3o P\u00fablica), TCA (Termo de Compromisso Ambiental), TLIF (Taxa de Fiscaliza\u00e7\u00e3o de Localiza\u00e7\u00e3o, Instala\u00e7\u00e3o e Funcionamento), ISSQN (Imposto sobre Servi\u00e7os de Qualquer Natureza) e Auto de Infra\u00e7\u00e3o.<\/p>\n<p>A ades\u00e3o pode ser feita pelo site itaquaquecetuba.sp.gov.br\/refis-2023 ou\u00a0presencialmente, no Departamento de D\u00edvida Ativa (avenida Vereador Jos\u00e9 Barbosa de Ara\u00fajo, 260 \u2013 Vila Virg\u00ednia), de segunda a sexta-feira, das 9h \u00e0s 15h, para retirada de senha. Mais informa\u00e7\u00f5es pelo (11) 4642-4043 ou dividaativa@itaquaquecetuba.sp.gov.br.<\/p>\n<p>Foto: Dayane Oliveira<\/p>\n","protected":false},"excerpt":{"rendered":"<p>Programa permite o parcelamento de tributos municipais em at\u00e9 48 vezes A Prefeitura de Itaquaquecetuba prorrogou o Programa de Regulariza\u00e7\u00e3o Fiscal (Refis) ap\u00f3s a grande procura dos \u00faltimos dias. O prazo foi estendido at\u00e9 26 de dezembro para que os contribuintes possam aproveitar os descontos em juros e multas de at\u00e9 100%. &#8220;A prorroga\u00e7\u00e3o atende [&hellip;]<\/p>\n","protected":false},"author":1,"featured_media":13072,"comment_status":"open","ping_status":"open","sticky":false,"template":"","format":"standard","meta":{"footnotes":""},"categories":[6],"tags":[],"class_list":{"0":"post-13071","1":"post","2":"type-post","3":"status-publish","4":"format-standard","5":"has-post-thumbnail","7":"category-itaqua"},"_links":{"self":[{"href":"https:\/\/jm-metropole.com.br\/site\/wp-json\/wp\/v2\/posts\/13071","targetHints":{"allow":["GET"]}}],"collection":[{"href":"https:\/\/jm-metropole.com.br\/site\/wp-json\/wp\/v2\/posts"}],"about":[{"href":"https:\/\/jm-metropole.com.br\/site\/wp-json\/wp\/v2\/types\/post"}],"author":[{"embeddable":true,"href":"https:\/\/jm-metropole.com.br\/site\/wp-json\/wp\/v2\/users\/1"}],"replies":[{"embeddable":true,"href":"https:\/\/jm-metropole.com.br\/site\/wp-json\/wp\/v2\/comments?post=13071"}],"version-history":[{"count":1,"href":"https:\/\/jm-metropole.com.br\/site\/wp-json\/wp\/v2\/posts\/13071\/revisions"}],"predecessor-version":[{"id":13073,"href":"https:\/\/jm-metropole.com.br\/site\/wp-json\/wp\/v2\/posts\/13071\/revisions\/13073"}],"wp:featuredmedia":[{"embeddable":true,"href":"https:\/\/jm-metropole.com.br\/site\/wp-json\/wp\/v2\/media\/13072"}],"wp:attachment":[{"href":"https:\/\/jm-metropole.com.br\/site\/wp-json\/wp\/v2\/media?parent=13071"}],"wp:term":[{"taxonomy":"category","embeddable":true,"href":"https:\/\/jm-metropole.com.br\/site\/wp-json\/wp\/v2\/categories?post=13071"},{"taxonomy":"post_tag","embeddable":true,"href":"https:\/\/jm-metropole.com.br\/site\/wp-json\/wp\/v2\/tags?post=13071"}],"curies":[{"name":"wp","href":"https:\/\/api.w.org\/{rel}","templated":true}]}}