{"id":13068,"date":"2023-10-02T09:59:55","date_gmt":"2023-10-02T12:59:55","guid":{"rendered":"https:\/\/jm-metropole.com.br\/site\/?p=13068"},"modified":"2023-10-02T10:28:32","modified_gmt":"2023-10-02T13:28:32","slug":"santa-isabel-elege-novo-quadro-de-conselheiros-tutelares","status":"publish","type":"post","link":"https:\/\/jm-metropole.com.br\/site\/santa-isabel-elege-novo-quadro-de-conselheiros-tutelares\/","title":{"rendered":"SANTA ISABEL ELEGE NOVO QUADRO DE CONSELHEIROS TUTELARES"},"content":{"rendered":"<p>Neste domingo (01\/10) 1.619 isabelenses votaram na elei\u00e7\u00e3o que definiu o novo quadro de conselheiros tutelares. Os eleitos ir\u00e3o atuar entre 2024 e 2027.<\/p>\n<p>As elei\u00e7\u00f5es elegeram cinco conselheiros, sendo:<br \/>\nMaur\u00edcio Platz &#8211; 525 votos<br \/>\nVicente Ferreira &#8211; 425 votos<br \/>\nDaiane Cristina &#8211; 388 votos<br \/>\nThais Dias &#8211; 350 votos<br \/>\nJuliana Assistente Social &#8211; 335 votos<\/p>\n<p>A vota\u00e7\u00e3o ocorreu na EMEF Oscar Ferreira de Godoy, entre \u00e0s 08h e \u00e0s 17h. J\u00e1 a apura\u00e7\u00e3o come\u00e7ou por volta das 17h30, e terminou \u00e0s 19h15.<\/p>\n<p>O processo foi realizado pela comiss\u00e3o organizadora do pleito, e ocorreu por meio da an\u00e1lise de cada uma das c\u00e9dulas. Dezesseis pessoas ficaram respons\u00e1veis pela contagem dos votos.<\/p>\n<p>Todo o processo de apura\u00e7\u00e3o foi acompanhado por uma comiss\u00e3o eleitoral especial formada pelo Conselho Municipal dos Direitos da Crian\u00e7a e do Adolescente (CMDCA), al\u00e9m da subse\u00e7\u00e3o Isabelense da Ordem dos Advogados do Brasil (OAB). O Minist\u00e9rio P\u00fablico tamb\u00e9m acompanhou o pleito desde o in\u00edcio.<\/p>\n<p>De acordo com a comiss\u00e3o organizadora, todos os atos realizados foram publicados. A iniciativa teve o apoio da Prefeitura de Santa Isabel, por meio das Secretarias de Desenvolvimento Social, Educa\u00e7\u00e3o e Seguran\u00e7a e Tr\u00e2nsito.<\/p>\n<p>Al\u00e9m dos cinco conselheiros eleitos, os 11 restantes entrar\u00e3o como suplentes e ir\u00e3o assumir em caso de desist\u00eancia ou aus\u00eancia dos eleitos.<\/p>\n<p>DESIST\u00caNCIA<\/p>\n<p>Na \u00faltima sexta-feira (29\/09) a candidata Fernanda Monteiro entrou com o pedido de ren\u00fancia. Ainda de acordo com a comiss\u00e3o, o nome dela permaneceu nas cedulas, por\u00e9m, os votos atribu\u00eddos \u00e0 ex-candidata n\u00e3o ser\u00e3o computados.<\/p>\n","protected":false},"excerpt":{"rendered":"<p>Neste domingo (01\/10) 1.619 isabelenses votaram na elei\u00e7\u00e3o que definiu o novo quadro de conselheiros tutelares. Os eleitos ir\u00e3o atuar entre 2024 e 2027. As elei\u00e7\u00f5es elegeram cinco conselheiros, sendo: Maur\u00edcio Platz &#8211; 525 votos Vicente Ferreira &#8211; 425 votos Daiane Cristina &#8211; 388 votos Thais Dias &#8211; 350 votos Juliana Assistente Social &#8211; 335 [&hellip;]<\/p>\n","protected":false},"author":1,"featured_media":13074,"comment_status":"open","ping_status":"open","sticky":false,"template":"","format":"standard","meta":{"footnotes":""},"categories":[5],"tags":[],"class_list":{"0":"post-13068","1":"post","2":"type-post","3":"status-publish","4":"format-standard","5":"has-post-thumbnail","7":"category-santa-isabel"},"_links":{"self":[{"href":"https:\/\/jm-metropole.com.br\/site\/wp-json\/wp\/v2\/posts\/13068","targetHints":{"allow":["GET"]}}],"collection":[{"href":"https:\/\/jm-metropole.com.br\/site\/wp-json\/wp\/v2\/posts"}],"about":[{"href":"https:\/\/jm-metropole.com.br\/site\/wp-json\/wp\/v2\/types\/post"}],"author":[{"embeddable":true,"href":"https:\/\/jm-metropole.com.br\/site\/wp-json\/wp\/v2\/users\/1"}],"replies":[{"embeddable":true,"href":"https:\/\/jm-metropole.com.br\/site\/wp-json\/wp\/v2\/comments?post=13068"}],"version-history":[{"count":1,"href":"https:\/\/jm-metropole.com.br\/site\/wp-json\/wp\/v2\/posts\/13068\/revisions"}],"predecessor-version":[{"id":13070,"href":"https:\/\/jm-metropole.com.br\/site\/wp-json\/wp\/v2\/posts\/13068\/revisions\/13070"}],"wp:featuredmedia":[{"embeddable":true,"href":"https:\/\/jm-metropole.com.br\/site\/wp-json\/wp\/v2\/media\/13074"}],"wp:attachment":[{"href":"https:\/\/jm-metropole.com.br\/site\/wp-json\/wp\/v2\/media?parent=13068"}],"wp:term":[{"taxonomy":"category","embeddable":true,"href":"https:\/\/jm-metropole.com.br\/site\/wp-json\/wp\/v2\/categories?post=13068"},{"taxonomy":"post_tag","embeddable":true,"href":"https:\/\/jm-metropole.com.br\/site\/wp-json\/wp\/v2\/tags?post=13068"}],"curies":[{"name":"wp","href":"https:\/\/api.w.org\/{rel}","templated":true}]}}