{"id":13065,"date":"2023-10-02T09:56:44","date_gmt":"2023-10-02T12:56:44","guid":{"rendered":"https:\/\/jm-metropole.com.br\/site\/?p=13065"},"modified":"2023-10-02T09:56:44","modified_gmt":"2023-10-02T12:56:44","slug":"paris-2024-equipe-de-saltos-confirma-classificacao-olimpica","status":"publish","type":"post","link":"https:\/\/jm-metropole.com.br\/site\/paris-2024-equipe-de-saltos-confirma-classificacao-olimpica\/","title":{"rendered":"Paris 2024: equipe de saltos confirma classifica\u00e7\u00e3o ol\u00edmpica"},"content":{"rendered":"<h3 class=\"col-10 offset-1 animated fadeInDown dealy-900 display-8 display-md-8 alt-font font-italic my-1 text-center\">Vaga veio com a 4\u00aa posi\u00e7\u00e3o na Copa das Na\u00e7\u00f5es de hipismo<\/h3>\n<p>A sele\u00e7\u00e3o brasileira de saltos garantiu a participa\u00e7\u00e3o na pr\u00f3xima edi\u00e7\u00e3o dos Jogos Ol\u00edmpicos, que ser\u00e3o disputados em 2024 em Paris (Fran\u00e7a), ap\u00f3s conquistar a 4\u00aa posi\u00e7\u00e3o na Copa das Na\u00e7\u00f5es de hipismo, neste domingo (1) em Barcelona (Espanha).<img decoding=\"async\" src=\"https:\/\/agenciabrasil.ebc.com.br\/ebc.png?id=1558574&amp;o=node\" \/><img decoding=\"async\" src=\"https:\/\/agenciabrasil.ebc.com.br\/ebc.gif?id=1558574&amp;o=node\" \/><\/p>\n<p>Como entre os dois finalistas da competi\u00e7\u00e3o apenas Brasil e Estados Unidos n\u00e3o tinham a classifica\u00e7\u00e3o ol\u00edmpica garantida, quem ficasse \u00e0 frente entre os dois pa\u00edses se garantiria na pr\u00f3xima edi\u00e7\u00e3o das Olimp\u00edadas.<\/p>\n<p>E a vaga acabou ficando com a sele\u00e7\u00e3o brasileira (formada por Pedro Veniss, Stephan Barcha, Luciana Diniz e Rodrigo Pessoa), que ficou na quarta posi\u00e7\u00e3o final, atr\u00e1s apenas da campe\u00e3 Alemanha, da segunda colocada Fran\u00e7a e da terceira B\u00e9lgica.<\/p>\n<p>O pr\u00f3ximo grande desafio do Brasil \u00e9 o Pan-americano de Santiago (Chile), competi\u00e7\u00e3o na qual a a sele\u00e7\u00e3o brasileira buscar\u00e1 o heptacampeonato por equipes. A disputa ser\u00e1 realizada entre os dias 30 de outubro e 4 de novembro na Escola de Equita\u00e7\u00e3o do Ex\u00e9rcito San Isidro, em Quilotta, na regi\u00e3o de Valparaiso.<\/p>\n<p>*Com informa\u00e7\u00f5es de Ag\u00eancia Brasil<\/p>\n","protected":false},"excerpt":{"rendered":"<p>Vaga veio com a 4\u00aa posi\u00e7\u00e3o na Copa das Na\u00e7\u00f5es de hipismo A sele\u00e7\u00e3o brasileira de saltos garantiu a participa\u00e7\u00e3o na pr\u00f3xima edi\u00e7\u00e3o dos Jogos Ol\u00edmpicos, que ser\u00e3o disputados em 2024 em Paris (Fran\u00e7a), ap\u00f3s conquistar a 4\u00aa posi\u00e7\u00e3o na Copa das Na\u00e7\u00f5es de hipismo, neste domingo (1) em Barcelona (Espanha). Como entre os dois [&hellip;]<\/p>\n","protected":false},"author":1,"featured_media":13066,"comment_status":"open","ping_status":"open","sticky":false,"template":"","format":"standard","meta":{"footnotes":""},"categories":[12],"tags":[],"class_list":{"0":"post-13065","1":"post","2":"type-post","3":"status-publish","4":"format-standard","5":"has-post-thumbnail","7":"category-esporte"},"_links":{"self":[{"href":"https:\/\/jm-metropole.com.br\/site\/wp-json\/wp\/v2\/posts\/13065","targetHints":{"allow":["GET"]}}],"collection":[{"href":"https:\/\/jm-metropole.com.br\/site\/wp-json\/wp\/v2\/posts"}],"about":[{"href":"https:\/\/jm-metropole.com.br\/site\/wp-json\/wp\/v2\/types\/post"}],"author":[{"embeddable":true,"href":"https:\/\/jm-metropole.com.br\/site\/wp-json\/wp\/v2\/users\/1"}],"replies":[{"embeddable":true,"href":"https:\/\/jm-metropole.com.br\/site\/wp-json\/wp\/v2\/comments?post=13065"}],"version-history":[{"count":1,"href":"https:\/\/jm-metropole.com.br\/site\/wp-json\/wp\/v2\/posts\/13065\/revisions"}],"predecessor-version":[{"id":13067,"href":"https:\/\/jm-metropole.com.br\/site\/wp-json\/wp\/v2\/posts\/13065\/revisions\/13067"}],"wp:featuredmedia":[{"embeddable":true,"href":"https:\/\/jm-metropole.com.br\/site\/wp-json\/wp\/v2\/media\/13066"}],"wp:attachment":[{"href":"https:\/\/jm-metropole.com.br\/site\/wp-json\/wp\/v2\/media?parent=13065"}],"wp:term":[{"taxonomy":"category","embeddable":true,"href":"https:\/\/jm-metropole.com.br\/site\/wp-json\/wp\/v2\/categories?post=13065"},{"taxonomy":"post_tag","embeddable":true,"href":"https:\/\/jm-metropole.com.br\/site\/wp-json\/wp\/v2\/tags?post=13065"}],"curies":[{"name":"wp","href":"https:\/\/api.w.org\/{rel}","templated":true}]}}