{"id":13062,"date":"2023-09-29T17:27:50","date_gmt":"2023-09-29T20:27:50","guid":{"rendered":"https:\/\/jm-metropole.com.br\/site\/?p=13062"},"modified":"2023-09-29T17:27:50","modified_gmt":"2023-09-29T20:27:50","slug":"participe-da-eleicao-do-conselho-tutelar-seu-voto-pode-mudar-a-vida-de-uma-crianca","status":"publish","type":"post","link":"https:\/\/jm-metropole.com.br\/site\/participe-da-eleicao-do-conselho-tutelar-seu-voto-pode-mudar-a-vida-de-uma-crianca\/","title":{"rendered":"PARTICIPE DA ELEI\u00c7\u00c3O DO CONSELHO TUTELAR: SEU VOTO PODE MUDAR A VIDA DE UMA CRIAN\u00c7A"},"content":{"rendered":"<p>Neste domingo (01\u00b0), os cidad\u00e3os arujaenses que possuem t\u00edtulo de eleitor, ter\u00e3o a chance de eleger cinco candidatos da sociedade, que atender\u00e3o as quest\u00f5es relacionadas aos direitos das crian\u00e7as e adolescentes do munic\u00edpio, exercendo a fun\u00e7\u00e3o de conselheiros tutelares. Mais do que representar o Conselho Tutelar, na promo\u00e7\u00e3o dos direitos e no combate \u00e0s viola\u00e7\u00f5es das v\u00edtimas dos 0 aos 17 anos de idade, os cinco membros titulares atuar\u00e3o fazendo uma esp\u00e9cie de \u201cponte\u201d entre o Judici\u00e1rio, Poder P\u00fablico, a fam\u00edlia da pessoa que teve os direitos violados e toda a rede assistencial de prote\u00e7\u00e3o que a cerca e que pode ampar\u00e1-la.<\/p>\n<p>A elei\u00e7\u00e3o est\u00e1 sendo organizada pelo Conselho Municipal dos Direitos da Crian\u00e7a e do Adolescente (CMDCA), em parceria com a Prefeitura de Aruj\u00e1, pela Secretaria Municipal de Governo. O secret\u00e1rio da pasta, Rog\u00e9rio da Padaria, explica que o Minist\u00e9rio P\u00fablico (MP), por meio da Promotoria da Vara da Inf\u00e2ncia e Juventude, est\u00e1 acompanhando todo o processo eleitoral. \u201cDesejo uma boa sorte a todos os candidatos e pe\u00e7o, humildemente, que todos os eleitores de Aruj\u00e1 venham votar e exercer seu direito de cidadania\u201d.<\/p>\n<p>J\u00e1 a presidente do CMDCA, Maria Estela Romero de Brito, explica que o \u00f3rg\u00e3o tem, entre as suas atribui\u00e7\u00f5es, monitorar, fiscalizar e aprimorar, se necess\u00e1rio, as a\u00e7\u00f5es do Conselho Tutelar. \u201cO Conselho Tutelar \u00e9 diretamente ligado \u00e0 Promotoria P\u00fablica da Vara da Inf\u00e2ncia e Juventude e o CMDCA, cumprindo o seu papel, organizou, atrav\u00e9s de uma Comiss\u00e3o, todas as etapas para a elei\u00e7\u00e3o dos conselheiros, que ser\u00e1 neste domingo (1\u00b0), nos mesmos moldes de uma elei\u00e7\u00e3o convencional\u201d, pontua.<\/p>\n<p>Para a elei\u00e7\u00e3o do Conselho Tutelar, inscreveram-se, inicialmente, 24 candidatos. Eles passaram por um curso na Casa dos Conselhos, depois foram submetidos a uma prova objetiva preliminar, que necessitava da nota m\u00ednima de 60% e, por fim, uma avalia\u00e7\u00e3o psicol\u00f3gica. Ficaram habilitadas e aptas a concorrerem 12 pessoas.<\/p>\n<p>Agora, no dia 1\u00b0 outubro (domingo), a elei\u00e7\u00e3o, que \u00e9 facultativa, acontece das 8 \u00e0s 17 horas em tr\u00eas col\u00e9gios eleitorais (um no Centro, um no Barreto e um no Recanto Primavera). Tamb\u00e9m haver\u00e1 acessibilidade ou aux\u00edlio para Pessoas com Defici\u00eancia (PCDs) votarem e basta apresentar, para o voto, o t\u00edtulo de eleitor ou um documento com foto, que pode ser o RG ou a CNH. O eleitor deve escolher apenas um candidato (a). Ser\u00e3o eleitos os cinco primeiros que tiverem mais votos e os cinco posteriores ficar\u00e3o como suplentes. A vota\u00e7\u00e3o se encerra \u00e0s 17 horas, pontualmente. A posse ser\u00e1 em janeiro de 2024 e o mandato \u00e9 de quatro anos (2024 \u2013 2028).<\/p>\n<p>Para saber em qual col\u00e9gio eleitoral votar, acesse a p\u00e1gina do facebook @Aruja.2023.CMDCA, inclusive para obter informa\u00e7\u00f5es dos candidatos.<br \/>\nOs endere\u00e7os dos locais de vota\u00e7\u00e3o s\u00e3o: Escola Municipal \u201cProfessora Dalila Franco Garcia da Silva\u201d (rua Jo\u00e3o da Silva Ferraz, 50), EM \u201cProfessora Herm\u00ednia Araki\u201d (rua Luiz Gonzaga Colangelo N\u00f3brega, 151) e Em \u201cRecanto Primavera\u201d (rua dos Carambolas, 25).<br \/>\nParticipe e contribua com a seguran\u00e7a dos menores de idade de Aruj\u00e1. Seu voto pode mudar a vida de uma crian\u00e7a!<\/p>\n","protected":false},"excerpt":{"rendered":"<p>Neste domingo (01\u00b0), os cidad\u00e3os arujaenses que possuem t\u00edtulo de eleitor, ter\u00e3o a chance de eleger cinco candidatos da sociedade, que atender\u00e3o as quest\u00f5es relacionadas aos direitos das crian\u00e7as e adolescentes do munic\u00edpio, exercendo a fun\u00e7\u00e3o de conselheiros tutelares. Mais do que representar o Conselho Tutelar, na promo\u00e7\u00e3o dos direitos e no combate \u00e0s viola\u00e7\u00f5es [&hellip;]<\/p>\n","protected":false},"author":1,"featured_media":13063,"comment_status":"open","ping_status":"open","sticky":false,"template":"","format":"standard","meta":{"footnotes":""},"categories":[4],"tags":[],"class_list":{"0":"post-13062","1":"post","2":"type-post","3":"status-publish","4":"format-standard","5":"has-post-thumbnail","7":"category-aruja"},"_links":{"self":[{"href":"https:\/\/jm-metropole.com.br\/site\/wp-json\/wp\/v2\/posts\/13062","targetHints":{"allow":["GET"]}}],"collection":[{"href":"https:\/\/jm-metropole.com.br\/site\/wp-json\/wp\/v2\/posts"}],"about":[{"href":"https:\/\/jm-metropole.com.br\/site\/wp-json\/wp\/v2\/types\/post"}],"author":[{"embeddable":true,"href":"https:\/\/jm-metropole.com.br\/site\/wp-json\/wp\/v2\/users\/1"}],"replies":[{"embeddable":true,"href":"https:\/\/jm-metropole.com.br\/site\/wp-json\/wp\/v2\/comments?post=13062"}],"version-history":[{"count":1,"href":"https:\/\/jm-metropole.com.br\/site\/wp-json\/wp\/v2\/posts\/13062\/revisions"}],"predecessor-version":[{"id":13064,"href":"https:\/\/jm-metropole.com.br\/site\/wp-json\/wp\/v2\/posts\/13062\/revisions\/13064"}],"wp:featuredmedia":[{"embeddable":true,"href":"https:\/\/jm-metropole.com.br\/site\/wp-json\/wp\/v2\/media\/13063"}],"wp:attachment":[{"href":"https:\/\/jm-metropole.com.br\/site\/wp-json\/wp\/v2\/media?parent=13062"}],"wp:term":[{"taxonomy":"category","embeddable":true,"href":"https:\/\/jm-metropole.com.br\/site\/wp-json\/wp\/v2\/categories?post=13062"},{"taxonomy":"post_tag","embeddable":true,"href":"https:\/\/jm-metropole.com.br\/site\/wp-json\/wp\/v2\/tags?post=13062"}],"curies":[{"name":"wp","href":"https:\/\/api.w.org\/{rel}","templated":true}]}}