{"id":130,"date":"2021-11-16T19:57:34","date_gmt":"2021-11-16T22:57:34","guid":{"rendered":"https:\/\/jm-metropole.com.br\/site\/?p=130"},"modified":"2021-11-16T19:57:34","modified_gmt":"2021-11-16T22:57:34","slug":"denuncias-levam-gcm-de-poa-a-realizar-apreensao-de-88-passaros-e-tres-saguis","status":"publish","type":"post","link":"https:\/\/jm-metropole.com.br\/site\/denuncias-levam-gcm-de-poa-a-realizar-apreensao-de-88-passaros-e-tres-saguis\/","title":{"rendered":"Den\u00fancias levam GCM de Po\u00e1 a realizar apreens\u00e3o de 88 p\u00e1ssaros e tr\u00eas saguis"},"content":{"rendered":"<p><em>Ao todo, 88 aves silvestres foram resgatadas em duas resid\u00eancias na Vila Varela e tr\u00eas macacos saguis na Vila A\u00e7oreana<\/em><\/p>\n<p>A Guarda Civil Municipal (GCM) de Po\u00e1 realizou a apreens\u00e3o de 88 p\u00e1ssaros silvestres e tr\u00eas Saguis nesta segunda e ter\u00e7a-feira (15 e 16\/11), por meio de den\u00fancias an\u00f4nimas feitas por mun\u00edcipes. As apreens\u00f5es ocorreram nos bairros Vila Varela e Vila A\u00e7oreana e tiveram como base a Lei n\u00ba 9.605 que classifica o ato de manter um animal silvestre em cativeiro como crime ambiental.<br \/>\nA apreens\u00e3o dos Saguis foi realizada na manh\u00e3 desta ter\u00e7a-feira (16\/11), na rua Jo\u00e3o de Godoy, na Vila A\u00e7oreana. Com o suporte da Defesa Civil, foram apurar a den\u00fancia sobre animais silvestres mantidos em cativeiro. Ao chegar \u00e0 referida resid\u00eancia, com a autoriza\u00e7\u00e3o do propriet\u00e1rio, os agentes localizaram no interior da casa tr\u00eas macacos da esp\u00e9cie Sagui. Diante dos fatos, os animais foram conduzidos ao Centro de Recupera\u00e7\u00e3o de animais Silvestres (CRAS) do Parque Ecol\u00f3gico do Alto Tiet\u00ea.<br \/>\nJ\u00e1 nesta segunda-feira (15\/11), a Guarda Municipal realizou a apreens\u00e3o de 88 p\u00e1ssaros silvestres, na Vila Varela, sendo 12 p\u00e1ssaros na rua Joaquim Miguel Silva e 76 na rua Votuporanga. Com a apreens\u00e3o destas aves, a GCM de Po\u00e1 apreendeu 164 p\u00e1ssaros em menos de um m\u00eas. Ao todo, foram apreendidos 46 Coleirinhos, 13 Picharros, 12 Pintassilgos, 5 Bigodinhos, 5 Can\u00e1rios do Reino, um Pintagol, 3 Pixox\u00f3s (em extin\u00e7\u00e3o), um Can\u00e1rio da Terra, um Pintagol, um Can\u00e1rio da Terra, um Azul\u00e3o (em extin\u00e7\u00e3o) e um Gurundi.<br \/>\nEm ambas as apreens\u00f5es das aves, os respons\u00e1veis foram direcionados para a Delegacia de Pol\u00edcia de Itaquaquecetuba e as aves encaminhadas para o CRAS do Parque Ecol\u00f3gico do Tiet\u00ea. \u201cAs den\u00fancias est\u00e3o ocorrendo em reflexo \u00e0 atua\u00e7\u00e3o dos agentes de seguran\u00e7a que t\u00eam se dedicado cada vez mais em executar a lei em prol da sociedade. Estamos aptos a atuar em crimes ambientais como este, assim como para qualquer outra situa\u00e7\u00e3o\u201d, afirmou.<img loading=\"lazy\" decoding=\"async\" class=\"alignleft size-medium wp-image-132\" src=\"https:\/\/jm-metropole.com.br\/site\/wp-content\/uploads\/2021\/11\/WhatsApp-Image-2021-11-16-at-19.45.33-300x259.jpeg\" alt=\"\" width=\"300\" height=\"259\" srcset=\"https:\/\/jm-metropole.com.br\/site\/wp-content\/uploads\/2021\/11\/WhatsApp-Image-2021-11-16-at-19.45.33-300x259.jpeg 300w, https:\/\/jm-metropole.com.br\/site\/wp-content\/uploads\/2021\/11\/WhatsApp-Image-2021-11-16-at-19.45.33-150x130.jpeg 150w, https:\/\/jm-metropole.com.br\/site\/wp-content\/uploads\/2021\/11\/WhatsApp-Image-2021-11-16-at-19.45.33-696x602.jpeg 696w, https:\/\/jm-metropole.com.br\/site\/wp-content\/uploads\/2021\/11\/WhatsApp-Image-2021-11-16-at-19.45.33.jpeg 709w\" sizes=\"auto, (max-width: 300px) 100vw, 300px\" \/><\/p>\n<p>OUTRAS OCORR\u00caNCIAS<\/p>\n<p>No \u00faltimo domingo (14\/11), durante patrulhamento preventivo na avenidaAntonio Massa, a Ronda Ostensiva Municipal (ROMU) da GCMfoi abordada por um entregador, portando uma bag, que teve a sua bicicleta furtada minutos antes. Ap\u00f3s receber as caracter\u00edsticas do suspeito, a equipe iniciou as buscas, encontrando-o na rua Jos\u00e9 Augusto Anselmo, na regi\u00e3o central, em posse do produto do furto.<br \/>\nAl\u00e9m da pris\u00e3o do indiv\u00edduo que foi encaminhado \u00e0 Delegacia de Itaquaquecetuba, onde ficou \u00e0 disposi\u00e7\u00e3o da Justi\u00e7a, a GCM tamb\u00e9m registrou, na noite desta segunda-feira (15\/11), a ocorr\u00eancia por Importuna\u00e7\u00e3o Sexual, ocorrida na rua Elvira, no Jardim Medina.<br \/>\n\u201cAp\u00f3s termos recebido den\u00fancia que um indiv\u00edduo estaria praticando ato libidinoso em frente a uma mulher de 22 anos e uma adolescente de 14 anos, os agentes de seguran\u00e7a compareceram ao local e deram voz de pris\u00e3o ao acusado que foi encaminhado \u00e0 delegacia, onde foi apresentado \u00e0 autoridade policial\u201d, explicou o comandante da GCM, Alexandre Guarnieri.<\/p>\n<p>FOTO: Divulga\u00e7\u00e3o<\/p>\n","protected":false},"excerpt":{"rendered":"<p>Ao todo, 88 aves silvestres foram resgatadas em duas resid\u00eancias na Vila Varela e tr\u00eas macacos saguis na Vila A\u00e7oreana A Guarda Civil Municipal (GCM) de Po\u00e1 realizou a apreens\u00e3o de 88 p\u00e1ssaros silvestres e tr\u00eas Saguis nesta segunda e ter\u00e7a-feira (15 e 16\/11), por meio de den\u00fancias an\u00f4nimas feitas por mun\u00edcipes. As apreens\u00f5es ocorreram [&hellip;]<\/p>\n","protected":false},"author":1,"featured_media":131,"comment_status":"open","ping_status":"open","sticky":false,"template":"","format":"standard","meta":{"footnotes":""},"categories":[19],"tags":[],"class_list":{"0":"post-130","1":"post","2":"type-post","3":"status-publish","4":"format-standard","5":"has-post-thumbnail","7":"category-poa"},"_links":{"self":[{"href":"https:\/\/jm-metropole.com.br\/site\/wp-json\/wp\/v2\/posts\/130","targetHints":{"allow":["GET"]}}],"collection":[{"href":"https:\/\/jm-metropole.com.br\/site\/wp-json\/wp\/v2\/posts"}],"about":[{"href":"https:\/\/jm-metropole.com.br\/site\/wp-json\/wp\/v2\/types\/post"}],"author":[{"embeddable":true,"href":"https:\/\/jm-metropole.com.br\/site\/wp-json\/wp\/v2\/users\/1"}],"replies":[{"embeddable":true,"href":"https:\/\/jm-metropole.com.br\/site\/wp-json\/wp\/v2\/comments?post=130"}],"version-history":[{"count":1,"href":"https:\/\/jm-metropole.com.br\/site\/wp-json\/wp\/v2\/posts\/130\/revisions"}],"predecessor-version":[{"id":133,"href":"https:\/\/jm-metropole.com.br\/site\/wp-json\/wp\/v2\/posts\/130\/revisions\/133"}],"wp:featuredmedia":[{"embeddable":true,"href":"https:\/\/jm-metropole.com.br\/site\/wp-json\/wp\/v2\/media\/131"}],"wp:attachment":[{"href":"https:\/\/jm-metropole.com.br\/site\/wp-json\/wp\/v2\/media?parent=130"}],"wp:term":[{"taxonomy":"category","embeddable":true,"href":"https:\/\/jm-metropole.com.br\/site\/wp-json\/wp\/v2\/categories?post=130"},{"taxonomy":"post_tag","embeddable":true,"href":"https:\/\/jm-metropole.com.br\/site\/wp-json\/wp\/v2\/tags?post=130"}],"curies":[{"name":"wp","href":"https:\/\/api.w.org\/{rel}","templated":true}]}}