{"id":12349,"date":"2023-09-01T07:30:07","date_gmt":"2023-09-01T10:30:07","guid":{"rendered":"https:\/\/jm-metropole.com.br\/site\/?p=12349"},"modified":"2023-09-01T07:30:07","modified_gmt":"2023-09-01T10:30:07","slug":"defesa-civil-alerta-para-chegada-de-ventos-com-mais-de-70-km-h-no-litoral-norte","status":"publish","type":"post","link":"https:\/\/jm-metropole.com.br\/site\/defesa-civil-alerta-para-chegada-de-ventos-com-mais-de-70-km-h-no-litoral-norte\/","title":{"rendered":"Defesa Civil alerta para chegada de ventos com mais de 70 Km\/h no Litoral Norte"},"content":{"rendered":"<p>A Defesa Civil do Estado emitiu um alerta de ventos fortes com at\u00e9 74 Km\/h de intensidade nos Litorais Norte e Sul. As rajadas chegam ao litoral paulista nesta sexta-feira (1\u00ba), a partir das 21h, e permanecem na regi\u00e3o costeira de S\u00e3o Paulo at\u00e9 \u00e0s 9h de domingo (3\/9).<\/p>\n<p>Por isso, a orienta\u00e7\u00e3o da Defesa Civil \u00e9 que jamais fique parado embaixo de \u00e1rvores. J\u00e1 nas \u00e1reas litor\u00e2neas, devido a essas fortes rajadas de vento, a agita\u00e7\u00e3o mar\u00edtima ficar\u00e1 mais intensa, logo, durante o per\u00edodo do alerta, n\u00e3o \u00e9 recomendado que as pessoas permane\u00e7am no mar e nas orlas da praia, mantendo aten\u00e7\u00e3o com as edifica\u00e7\u00f5es, infraestruturas e vias que estejam em \u00e1reas vulner\u00e1veis \u00e0 eros\u00e3o e inunda\u00e7\u00f5es costeiras.<\/p>\n<p>Al\u00e9m disso, recomenda-se cuidado com embarca\u00e7\u00f5es e evitem adentrar em alto mar. A pr\u00e1tica de esportes aqu\u00e1ticos ou influenciados pelo vento, como surf, windsurf e kitesurf tamb\u00e9m devem ser evitados.<\/p>\n<p>Em caso de emerg\u00eancia, a Defesa Civil pode ser acionada pelo telefone 199. O n\u00famero funciona no regime de plant\u00e3o de 24h.<\/p>\n","protected":false},"excerpt":{"rendered":"<p>A Defesa Civil do Estado emitiu um alerta de ventos fortes com at\u00e9 74 Km\/h de intensidade nos Litorais Norte e Sul. As rajadas chegam ao litoral paulista nesta sexta-feira (1\u00ba), a partir das 21h, e permanecem na regi\u00e3o costeira de S\u00e3o Paulo at\u00e9 \u00e0s 9h de domingo (3\/9). Por isso, a orienta\u00e7\u00e3o da Defesa [&hellip;]<\/p>\n","protected":false},"author":1,"featured_media":12350,"comment_status":"open","ping_status":"open","sticky":false,"template":"","format":"standard","meta":{"footnotes":""},"categories":[48],"tags":[],"class_list":{"0":"post-12349","1":"post","2":"type-post","3":"status-publish","4":"format-standard","5":"has-post-thumbnail","7":"category-geral"},"_links":{"self":[{"href":"https:\/\/jm-metropole.com.br\/site\/wp-json\/wp\/v2\/posts\/12349","targetHints":{"allow":["GET"]}}],"collection":[{"href":"https:\/\/jm-metropole.com.br\/site\/wp-json\/wp\/v2\/posts"}],"about":[{"href":"https:\/\/jm-metropole.com.br\/site\/wp-json\/wp\/v2\/types\/post"}],"author":[{"embeddable":true,"href":"https:\/\/jm-metropole.com.br\/site\/wp-json\/wp\/v2\/users\/1"}],"replies":[{"embeddable":true,"href":"https:\/\/jm-metropole.com.br\/site\/wp-json\/wp\/v2\/comments?post=12349"}],"version-history":[{"count":1,"href":"https:\/\/jm-metropole.com.br\/site\/wp-json\/wp\/v2\/posts\/12349\/revisions"}],"predecessor-version":[{"id":12351,"href":"https:\/\/jm-metropole.com.br\/site\/wp-json\/wp\/v2\/posts\/12349\/revisions\/12351"}],"wp:featuredmedia":[{"embeddable":true,"href":"https:\/\/jm-metropole.com.br\/site\/wp-json\/wp\/v2\/media\/12350"}],"wp:attachment":[{"href":"https:\/\/jm-metropole.com.br\/site\/wp-json\/wp\/v2\/media?parent=12349"}],"wp:term":[{"taxonomy":"category","embeddable":true,"href":"https:\/\/jm-metropole.com.br\/site\/wp-json\/wp\/v2\/categories?post=12349"},{"taxonomy":"post_tag","embeddable":true,"href":"https:\/\/jm-metropole.com.br\/site\/wp-json\/wp\/v2\/tags?post=12349"}],"curies":[{"name":"wp","href":"https:\/\/api.w.org\/{rel}","templated":true}]}}