{"id":12345,"date":"2023-08-31T17:04:41","date_gmt":"2023-08-31T20:04:41","guid":{"rendered":"https:\/\/jm-metropole.com.br\/site\/?p=12345"},"modified":"2023-08-31T17:04:41","modified_gmt":"2023-08-31T20:04:41","slug":"trem-para-aeroporto-de-guarulhos-passa-a-sair-da-estacao-barra-funda-a-partir-de-sexta-feira-01","status":"publish","type":"post","link":"https:\/\/jm-metropole.com.br\/site\/trem-para-aeroporto-de-guarulhos-passa-a-sair-da-estacao-barra-funda-a-partir-de-sexta-feira-01\/","title":{"rendered":"Trem para Aeroporto de Guarulhos passa a sair da esta\u00e7\u00e3o Barra Funda a partir de sexta-feira (01)"},"content":{"rendered":"<div class=\"x11i5rnm xat24cr x1mh8g0r x1vvkbs xtlvy1s x126k92a\">\n<div dir=\"auto\">Um an\u00fancio feito na quarta-feira (30), pela Secretaria Estadual dos Transportes Metropolitanos, informa que o Expresso Aeroporto, respons\u00e1vel por fazer a liga\u00e7\u00e3o entre a capital paulista e Cumbica, em Guarulhos, passa a operar a partir da pr\u00f3xima nesta sexta-feira (1\u00ba), partindo da Esta\u00e7\u00e3o Palmeiras-Barra Funda, na zona oeste de S\u00e3o Paulo.<\/div>\n<div dir=\"auto\"><\/div>\n<\/div>\n<div class=\"x11i5rnm xat24cr x1mh8g0r x1vvkbs xtlvy1s x126k92a\">\n<div dir=\"auto\">At\u00e9 agora o trem partia da Esta\u00e7\u00e3o da Luz, na regi\u00e3o central,\u00a0 de hora em hora e chega at\u00e9 a Esta\u00e7\u00e3o Aeroporto-Guarulhos, ficando cerca de 2,5 km distante dos terminais de embarque em Cumbica.<\/div>\n<div dir=\"auto\"><\/div>\n<\/div>\n<div class=\"x11i5rnm xat24cr x1mh8g0r x1vvkbs xtlvy1s x126k92a\">\n<div dir=\"auto\">Na esta\u00e7\u00e3o Barra Funda, tanto o embarque quanto o desembarque ser\u00e3o realizados na plataforma 10. O Expresso Aeroporto far\u00e1 paradas nas esta\u00e7\u00f5es da Luz e Guarulhos-Cecap no trajeto de ida, e na volta, ir\u00e1 parar tamb\u00e9m na Esta\u00e7\u00e3o Br\u00e1s.<\/div>\n<\/div>\n","protected":false},"excerpt":{"rendered":"<p>Um an\u00fancio feito na quarta-feira (30), pela Secretaria Estadual dos Transportes Metropolitanos, informa que o Expresso Aeroporto, respons\u00e1vel por fazer a liga\u00e7\u00e3o entre a capital paulista e Cumbica, em Guarulhos, passa a operar a partir da pr\u00f3xima nesta sexta-feira (1\u00ba), partindo da Esta\u00e7\u00e3o Palmeiras-Barra Funda, na zona oeste de S\u00e3o Paulo. At\u00e9 agora o trem [&hellip;]<\/p>\n","protected":false},"author":1,"featured_media":12346,"comment_status":"open","ping_status":"open","sticky":false,"template":"","format":"standard","meta":{"footnotes":""},"categories":[1],"tags":[],"class_list":{"0":"post-12345","1":"post","2":"type-post","3":"status-publish","4":"format-standard","5":"has-post-thumbnail","7":"category-tudo"},"_links":{"self":[{"href":"https:\/\/jm-metropole.com.br\/site\/wp-json\/wp\/v2\/posts\/12345","targetHints":{"allow":["GET"]}}],"collection":[{"href":"https:\/\/jm-metropole.com.br\/site\/wp-json\/wp\/v2\/posts"}],"about":[{"href":"https:\/\/jm-metropole.com.br\/site\/wp-json\/wp\/v2\/types\/post"}],"author":[{"embeddable":true,"href":"https:\/\/jm-metropole.com.br\/site\/wp-json\/wp\/v2\/users\/1"}],"replies":[{"embeddable":true,"href":"https:\/\/jm-metropole.com.br\/site\/wp-json\/wp\/v2\/comments?post=12345"}],"version-history":[{"count":1,"href":"https:\/\/jm-metropole.com.br\/site\/wp-json\/wp\/v2\/posts\/12345\/revisions"}],"predecessor-version":[{"id":12347,"href":"https:\/\/jm-metropole.com.br\/site\/wp-json\/wp\/v2\/posts\/12345\/revisions\/12347"}],"wp:featuredmedia":[{"embeddable":true,"href":"https:\/\/jm-metropole.com.br\/site\/wp-json\/wp\/v2\/media\/12346"}],"wp:attachment":[{"href":"https:\/\/jm-metropole.com.br\/site\/wp-json\/wp\/v2\/media?parent=12345"}],"wp:term":[{"taxonomy":"category","embeddable":true,"href":"https:\/\/jm-metropole.com.br\/site\/wp-json\/wp\/v2\/categories?post=12345"},{"taxonomy":"post_tag","embeddable":true,"href":"https:\/\/jm-metropole.com.br\/site\/wp-json\/wp\/v2\/tags?post=12345"}],"curies":[{"name":"wp","href":"https:\/\/api.w.org\/{rel}","templated":true}]}}