{"id":12341,"date":"2023-08-31T16:56:47","date_gmt":"2023-08-31T19:56:47","guid":{"rendered":"https:\/\/jm-metropole.com.br\/site\/?p=12341"},"modified":"2023-08-31T16:56:47","modified_gmt":"2023-08-31T19:56:47","slug":"tampinha-do-bem-ja-coletou-357-quilos-de-reciclaveis","status":"publish","type":"post","link":"https:\/\/jm-metropole.com.br\/site\/tampinha-do-bem-ja-coletou-357-quilos-de-reciclaveis\/","title":{"rendered":"TAMPINHA DO BEM J\u00c1 COLETOU 357 QUILOS DE RECICL\u00c1VEIS"},"content":{"rendered":"<p>As unidades da rede municipal de Ensino de Aruj\u00e1 j\u00e1 coletaram 357 quilos de tampinhas pl\u00e1sticas, desde o in\u00edcio do ano. \u00c9 o Projeto Tampinha do Bem, desenvolvido pela Prefeitura de Aruj\u00e1, por meio de a\u00e7\u00e3o conjunta das Secretarias de Meio Ambiente e de Educa\u00e7\u00e3o. A iniciativa, que incentiva a popula\u00e7\u00e3o a reciclar os res\u00edduos dom\u00e9sticos, inclui palestras e outras atividades de conscientiza\u00e7\u00e3o para a destina\u00e7\u00e3o adequada do lixo, realizadas nas escolas e na Cooperativa de Reciclagem de Aruj\u00e1 (Cora). A mais recente coleta somou mais de 250 quilos de tampinhas arrecadadas. O material \u00e9 comercializado com empresas de reciclagem. Ao final do ano, s\u00e3o premiadas as tr\u00eas escolas com os maiores volumes de arrecada\u00e7\u00e3o, assim como o trio de unidades com maior montante recolhido proporcionalmente ao total de alunos matriculados. Os recursos s\u00e3o utilizados na aquisi\u00e7\u00e3o de material pedag\u00f3gico e para premiar as Associa\u00e7\u00f5es de Pais e Mestres (APM). Haver\u00e1 recolhimento das tampinhas coletadas nos pr\u00e9dios escolares em outubro e dezembro. Junte e doe! A causa \u00e9 \u00f3tima e a natureza agradece!<\/p>\n","protected":false},"excerpt":{"rendered":"<p>As unidades da rede municipal de Ensino de Aruj\u00e1 j\u00e1 coletaram 357 quilos de tampinhas pl\u00e1sticas, desde o in\u00edcio do ano. \u00c9 o Projeto Tampinha do Bem, desenvolvido pela Prefeitura de Aruj\u00e1, por meio de a\u00e7\u00e3o conjunta das Secretarias de Meio Ambiente e de Educa\u00e7\u00e3o. A iniciativa, que incentiva a popula\u00e7\u00e3o a reciclar os res\u00edduos [&hellip;]<\/p>\n","protected":false},"author":1,"featured_media":12342,"comment_status":"open","ping_status":"open","sticky":false,"template":"","format":"standard","meta":{"footnotes":""},"categories":[4],"tags":[],"class_list":{"0":"post-12341","1":"post","2":"type-post","3":"status-publish","4":"format-standard","5":"has-post-thumbnail","7":"category-aruja"},"_links":{"self":[{"href":"https:\/\/jm-metropole.com.br\/site\/wp-json\/wp\/v2\/posts\/12341","targetHints":{"allow":["GET"]}}],"collection":[{"href":"https:\/\/jm-metropole.com.br\/site\/wp-json\/wp\/v2\/posts"}],"about":[{"href":"https:\/\/jm-metropole.com.br\/site\/wp-json\/wp\/v2\/types\/post"}],"author":[{"embeddable":true,"href":"https:\/\/jm-metropole.com.br\/site\/wp-json\/wp\/v2\/users\/1"}],"replies":[{"embeddable":true,"href":"https:\/\/jm-metropole.com.br\/site\/wp-json\/wp\/v2\/comments?post=12341"}],"version-history":[{"count":1,"href":"https:\/\/jm-metropole.com.br\/site\/wp-json\/wp\/v2\/posts\/12341\/revisions"}],"predecessor-version":[{"id":12343,"href":"https:\/\/jm-metropole.com.br\/site\/wp-json\/wp\/v2\/posts\/12341\/revisions\/12343"}],"wp:featuredmedia":[{"embeddable":true,"href":"https:\/\/jm-metropole.com.br\/site\/wp-json\/wp\/v2\/media\/12342"}],"wp:attachment":[{"href":"https:\/\/jm-metropole.com.br\/site\/wp-json\/wp\/v2\/media?parent=12341"}],"wp:term":[{"taxonomy":"category","embeddable":true,"href":"https:\/\/jm-metropole.com.br\/site\/wp-json\/wp\/v2\/categories?post=12341"},{"taxonomy":"post_tag","embeddable":true,"href":"https:\/\/jm-metropole.com.br\/site\/wp-json\/wp\/v2\/tags?post=12341"}],"curies":[{"name":"wp","href":"https:\/\/api.w.org\/{rel}","templated":true}]}}