{"id":1188,"date":"2022-06-29T18:29:56","date_gmt":"2022-06-29T21:29:56","guid":{"rendered":"https:\/\/jm-metropole.com.br\/site\/?p=1188"},"modified":"2022-06-29T18:29:56","modified_gmt":"2022-06-29T21:29:56","slug":"acabou-a-greve-de-onibus-em-sao-paulo","status":"publish","type":"post","link":"https:\/\/jm-metropole.com.br\/site\/acabou-a-greve-de-onibus-em-sao-paulo\/","title":{"rendered":"Acabou a greve de \u00f4nibus em S\u00e3o Paulo"},"content":{"rendered":"<p>Ap\u00f3s a decis\u00e3o do TRT que julgou como abusiva a greve desta quarta-feira (29), e determinou que os trabalhadores voltassem &#8220;imediatamente&#8221;, em assembl\u00e9ia os trabalhadores decidiram pelo fim da paralisa\u00e7\u00e3o.<\/p>\n<p>A categoria reivindica hora de almo\u00e7o remunerada e outros benef\u00edcios; a Justi\u00e7a determina 80% da frota no hor\u00e1rio de pico em dias de paralisa\u00e7\u00e3o.<\/p>\n<p>Com a decis\u00e3o e o final da greve as empresas de \u00f4nibus come\u00e7aram a voltar a operar e gradativamente os coletivos est\u00e3o voltando a circular na capital paulista, desde as 17h30.<\/p>\n<p>Por meio de nota, o Sindicato das Empresas de Transporte Coletivo Urbano de Passageiros de S\u00e3o Paulo (SPUrbanuss ) informou que &#8220;as empresas operadoras est\u00e3o mobilizadas para retomar a opera\u00e7\u00e3o dos \u00f4nibus, assim que os motoristas e cobradores retornem ao trabalho&#8221; e que aguarda a publica\u00e7\u00e3o do ac\u00f3rd\u00e3o. Informou ainda que os principais pontos decididos no julgamento do diss\u00eddio pelo TRT s\u00e3o:<\/p>\n<p>&#8211; Abusividade da greve;<br \/>\n&#8211; Multa de dois dias ao Sindmotoristas pela paralisa\u00e7\u00e3o dos dias 14 e 29 de junho, totalizando 100 mil reais, revertendo o valor para Institui\u00e7\u00f5es Filantr\u00f3picas;<br \/>\n&#8211; Retorno imediato ao trabalho, sob pena de multa di\u00e1ria dobrada;<br \/>\n&#8211; Autoriza\u00e7\u00e3o do desconto das horas paradas do dia de hoje, 29\/6;<br \/>\n&#8211; Reajuste de 12,47% nos sal\u00e1rios e vale-refei\u00e7\u00e3o;<br \/>\n&#8211; Renova\u00e7\u00e3o das cl\u00e1usulas pr\u00e9-existentes; e<br \/>\n&#8211; Pagamento do adicional de 100% das horas extras, para al\u00e9m das primeiras duas horas.<\/p>\n<p>A audi\u00eancia aconteceu na tarde desta quarta-feira (29), com a maioria dos desembargadores do Tribunal Regional do Trabalho julgando a greve abusiva. O reajuste salarial de 12,47% foi autorizado, e os trabalhadores devem voltar ao trabalho imediatamente. O tribunal tamb\u00e9m aprovou o desconto de um dia pela paralisa\u00e7\u00e3o desta quarta.<\/p>\n","protected":false},"excerpt":{"rendered":"<p>Ap\u00f3s a decis\u00e3o do TRT que julgou como abusiva a greve desta quarta-feira (29), e determinou que os trabalhadores voltassem &#8220;imediatamente&#8221;, em assembl\u00e9ia os trabalhadores decidiram pelo fim da paralisa\u00e7\u00e3o. A categoria reivindica hora de almo\u00e7o remunerada e outros benef\u00edcios; a Justi\u00e7a determina 80% da frota no hor\u00e1rio de pico em dias de paralisa\u00e7\u00e3o. Com [&hellip;]<\/p>\n","protected":false},"author":1,"featured_media":1189,"comment_status":"open","ping_status":"open","sticky":false,"template":"","format":"standard","meta":{"footnotes":""},"categories":[1],"tags":[],"class_list":{"0":"post-1188","1":"post","2":"type-post","3":"status-publish","4":"format-standard","5":"has-post-thumbnail","7":"category-tudo"},"_links":{"self":[{"href":"https:\/\/jm-metropole.com.br\/site\/wp-json\/wp\/v2\/posts\/1188","targetHints":{"allow":["GET"]}}],"collection":[{"href":"https:\/\/jm-metropole.com.br\/site\/wp-json\/wp\/v2\/posts"}],"about":[{"href":"https:\/\/jm-metropole.com.br\/site\/wp-json\/wp\/v2\/types\/post"}],"author":[{"embeddable":true,"href":"https:\/\/jm-metropole.com.br\/site\/wp-json\/wp\/v2\/users\/1"}],"replies":[{"embeddable":true,"href":"https:\/\/jm-metropole.com.br\/site\/wp-json\/wp\/v2\/comments?post=1188"}],"version-history":[{"count":1,"href":"https:\/\/jm-metropole.com.br\/site\/wp-json\/wp\/v2\/posts\/1188\/revisions"}],"predecessor-version":[{"id":1190,"href":"https:\/\/jm-metropole.com.br\/site\/wp-json\/wp\/v2\/posts\/1188\/revisions\/1190"}],"wp:featuredmedia":[{"embeddable":true,"href":"https:\/\/jm-metropole.com.br\/site\/wp-json\/wp\/v2\/media\/1189"}],"wp:attachment":[{"href":"https:\/\/jm-metropole.com.br\/site\/wp-json\/wp\/v2\/media?parent=1188"}],"wp:term":[{"taxonomy":"category","embeddable":true,"href":"https:\/\/jm-metropole.com.br\/site\/wp-json\/wp\/v2\/categories?post=1188"},{"taxonomy":"post_tag","embeddable":true,"href":"https:\/\/jm-metropole.com.br\/site\/wp-json\/wp\/v2\/tags?post=1188"}],"curies":[{"name":"wp","href":"https:\/\/api.w.org\/{rel}","templated":true}]}}