{"id":1184,"date":"2022-06-29T15:00:56","date_gmt":"2022-06-29T18:00:56","guid":{"rendered":"https:\/\/jm-metropole.com.br\/site\/?p=1184"},"modified":"2022-06-29T17:59:12","modified_gmt":"2022-06-29T20:59:12","slug":"gere-sua-propria-energia-e-economize-ate-90-na-sua-conta","status":"publish","type":"post","link":"https:\/\/jm-metropole.com.br\/site\/gere-sua-propria-energia-e-economize-ate-90-na-sua-conta\/","title":{"rendered":"Gere sua pr\u00f3pria energia e economize at\u00e9 90% na sua conta"},"content":{"rendered":"<p>Energia solar pode garantir redu\u00e7\u00e3o de 90% nos gastos com a conta de luz, segundo ABSOLAR<br \/>\nLevantamento da entidade mostra que h\u00e1 no Brasil mais de 71 mil sistemas fotovoltaicos de gera\u00e7\u00e3o distribu\u00edda<\/p>\n<p>Resid\u00eancias, com\u00e9rcios, ind\u00fastrias e propriedades rurais podem obter at\u00e9 95% de redu\u00e7\u00e3o nos gastos com a conta de luz com a instala\u00e7\u00e3o sistemas fotovoltaicos em telhados e pequenos terrenos. A estimativa \u00e9 da Associa\u00e7\u00e3o Brasileira de Energia Solar Fotovoltaica (ABSOLAR).<\/p>\n<p>De acordo com mapeamento recente da entidade, h\u00e1 atualmente no Pa\u00eds mais de 71 mil sistemas fotovoltaicos de gera\u00e7\u00e3o distribu\u00edda conectados \u00e0 rede, que beneficiam cerca de 88 mil unidades consumidoras. Ao todo, s\u00e3o mais de 735 megawatts (MW) de pot\u00eancia instalada em resid\u00eancias, com\u00e9rcios, ind\u00fastrias, produtores rurais, pr\u00e9dios p\u00fablicos e pequenos terrenos.<\/p>\n<p>Para Ronaldo Koloszuk, presidente do Conselho de Administra\u00e7\u00e3o da ABSOLAR, o crescimento da energia solar \u00e9 impulsionado por tr\u00eas fatores: a forte redu\u00e7\u00e3o de mais de 83% no pre\u00e7o dos equipamentos desde 2010; o expressivo aumento nas tarifas de energia el\u00e9trica e o crescimento da responsabilidade ambiental dos consumidores. \u201cO setor crescer\u00e1 aceleradamente nos pr\u00f3ximos anos. O Brasil possui mais de 83 milh\u00f5es de unidades consumidoras e um interesse crescente da popula\u00e7\u00e3o e das empresas em aproveitar seus telhados para gerar energia a partir do sol. Ningu\u00e9m aguenta mais os aumentos abusivos na conta de luz\u201d, ressalta Koloszuk.<\/p>\n<p>J\u00e1 Rodrigo Sauaia, CEO da ABSOLAR, lembra que o Brasil \u00e9 uma na\u00e7\u00e3o solar por natureza, com condi\u00e7\u00f5es privilegiadas para se tornar uma lideran\u00e7a mundial na \u00e1rea. \u201cA energia solar fotovoltaica reduz o custo de energia el\u00e9trica da popula\u00e7\u00e3o, aumenta a competitividade das empresas e desafoga o or\u00e7amento do poder p\u00fablico, beneficiando pequenos, m\u00e9dios e grandes consumidores do Pa\u00eds\u201d, diz Sauaia.<\/p>\n<p>* Com informa\u00e7\u00f5es de Portal Solar<br \/>\nwww.portalsolar.com.br<\/p>\n","protected":false},"excerpt":{"rendered":"<p>Energia solar pode garantir redu\u00e7\u00e3o de 90% nos gastos com a conta de luz, segundo ABSOLAR Levantamento da entidade mostra que h\u00e1 no Brasil mais de 71 mil sistemas fotovoltaicos de gera\u00e7\u00e3o distribu\u00edda Resid\u00eancias, com\u00e9rcios, ind\u00fastrias e propriedades rurais podem obter at\u00e9 95% de redu\u00e7\u00e3o nos gastos com a conta de luz com a instala\u00e7\u00e3o [&hellip;]<\/p>\n","protected":false},"author":1,"featured_media":1185,"comment_status":"open","ping_status":"open","sticky":false,"template":"","format":"standard","meta":{"footnotes":""},"categories":[1],"tags":[],"class_list":{"0":"post-1184","1":"post","2":"type-post","3":"status-publish","4":"format-standard","5":"has-post-thumbnail","7":"category-tudo"},"_links":{"self":[{"href":"https:\/\/jm-metropole.com.br\/site\/wp-json\/wp\/v2\/posts\/1184","targetHints":{"allow":["GET"]}}],"collection":[{"href":"https:\/\/jm-metropole.com.br\/site\/wp-json\/wp\/v2\/posts"}],"about":[{"href":"https:\/\/jm-metropole.com.br\/site\/wp-json\/wp\/v2\/types\/post"}],"author":[{"embeddable":true,"href":"https:\/\/jm-metropole.com.br\/site\/wp-json\/wp\/v2\/users\/1"}],"replies":[{"embeddable":true,"href":"https:\/\/jm-metropole.com.br\/site\/wp-json\/wp\/v2\/comments?post=1184"}],"version-history":[{"count":2,"href":"https:\/\/jm-metropole.com.br\/site\/wp-json\/wp\/v2\/posts\/1184\/revisions"}],"predecessor-version":[{"id":1187,"href":"https:\/\/jm-metropole.com.br\/site\/wp-json\/wp\/v2\/posts\/1184\/revisions\/1187"}],"wp:featuredmedia":[{"embeddable":true,"href":"https:\/\/jm-metropole.com.br\/site\/wp-json\/wp\/v2\/media\/1185"}],"wp:attachment":[{"href":"https:\/\/jm-metropole.com.br\/site\/wp-json\/wp\/v2\/media?parent=1184"}],"wp:term":[{"taxonomy":"category","embeddable":true,"href":"https:\/\/jm-metropole.com.br\/site\/wp-json\/wp\/v2\/categories?post=1184"},{"taxonomy":"post_tag","embeddable":true,"href":"https:\/\/jm-metropole.com.br\/site\/wp-json\/wp\/v2\/tags?post=1184"}],"curies":[{"name":"wp","href":"https:\/\/api.w.org\/{rel}","templated":true}]}}