{"id":1181,"date":"2022-06-29T14:45:41","date_gmt":"2022-06-29T17:45:41","guid":{"rendered":"https:\/\/jm-metropole.com.br\/site\/?p=1181"},"modified":"2022-06-29T14:45:41","modified_gmt":"2022-06-29T17:45:41","slug":"comunicado-uso-obrigatorio-de-mascara-de-protecao-esta-suspenso-em-santa-isabel","status":"publish","type":"post","link":"https:\/\/jm-metropole.com.br\/site\/comunicado-uso-obrigatorio-de-mascara-de-protecao-esta-suspenso-em-santa-isabel\/","title":{"rendered":"Comunicado \u2013 Uso obrigat\u00f3rio de mascara de prote\u00e7\u00e3o est\u00e1 suspenso em Santa Isabel"},"content":{"rendered":"<p>O Munic\u00edpio de Santa Isabel informa que o uso obrigat\u00f3rio de m\u00e1scara de prote\u00e7\u00e3o em ambientes fechados, p\u00fablicos e privados, foi suspenso devido a revoga\u00e7\u00e3o do decreto N\u00b0 6.701, de acordo com o novo decreto N\u00b0 6.714, de 28 de junho de 2022.<\/p>\n","protected":false},"excerpt":{"rendered":"<p>O Munic\u00edpio de Santa Isabel informa que o uso obrigat\u00f3rio de m\u00e1scara de prote\u00e7\u00e3o em ambientes fechados, p\u00fablicos e privados, foi suspenso devido a revoga\u00e7\u00e3o do decreto N\u00b0 6.701, de acordo com o novo decreto N\u00b0 6.714, de 28 de junho de 2022.<\/p>\n","protected":false},"author":1,"featured_media":1182,"comment_status":"open","ping_status":"open","sticky":false,"template":"","format":"standard","meta":{"footnotes":""},"categories":[5],"tags":[],"class_list":{"0":"post-1181","1":"post","2":"type-post","3":"status-publish","4":"format-standard","5":"has-post-thumbnail","7":"category-santa-isabel"},"_links":{"self":[{"href":"https:\/\/jm-metropole.com.br\/site\/wp-json\/wp\/v2\/posts\/1181","targetHints":{"allow":["GET"]}}],"collection":[{"href":"https:\/\/jm-metropole.com.br\/site\/wp-json\/wp\/v2\/posts"}],"about":[{"href":"https:\/\/jm-metropole.com.br\/site\/wp-json\/wp\/v2\/types\/post"}],"author":[{"embeddable":true,"href":"https:\/\/jm-metropole.com.br\/site\/wp-json\/wp\/v2\/users\/1"}],"replies":[{"embeddable":true,"href":"https:\/\/jm-metropole.com.br\/site\/wp-json\/wp\/v2\/comments?post=1181"}],"version-history":[{"count":1,"href":"https:\/\/jm-metropole.com.br\/site\/wp-json\/wp\/v2\/posts\/1181\/revisions"}],"predecessor-version":[{"id":1183,"href":"https:\/\/jm-metropole.com.br\/site\/wp-json\/wp\/v2\/posts\/1181\/revisions\/1183"}],"wp:featuredmedia":[{"embeddable":true,"href":"https:\/\/jm-metropole.com.br\/site\/wp-json\/wp\/v2\/media\/1182"}],"wp:attachment":[{"href":"https:\/\/jm-metropole.com.br\/site\/wp-json\/wp\/v2\/media?parent=1181"}],"wp:term":[{"taxonomy":"category","embeddable":true,"href":"https:\/\/jm-metropole.com.br\/site\/wp-json\/wp\/v2\/categories?post=1181"},{"taxonomy":"post_tag","embeddable":true,"href":"https:\/\/jm-metropole.com.br\/site\/wp-json\/wp\/v2\/tags?post=1181"}],"curies":[{"name":"wp","href":"https:\/\/api.w.org\/{rel}","templated":true}]}}