{"id":118,"date":"2021-11-16T17:57:58","date_gmt":"2021-11-16T20:57:58","guid":{"rendered":"https:\/\/jm-metropole.com.br\/site\/?p=118"},"modified":"2021-11-16T17:57:58","modified_gmt":"2021-11-16T20:57:58","slug":"projeto-municipal-horta-urbana-beneficia-entidades-assistenciais-de-poa","status":"publish","type":"post","link":"https:\/\/jm-metropole.com.br\/site\/projeto-municipal-horta-urbana-beneficia-entidades-assistenciais-de-poa\/","title":{"rendered":"Projeto municipal \u201cHorta Urbana\u201d beneficia entidades assistenciais de Po\u00e1"},"content":{"rendered":"<p>Hortali\u00e7as cultivadas pelo projeto j\u00e1 foram doadas para o lar M\u00e3e Mariana e para Apae; Paulo de Tarso ser\u00e1 a pr\u00f3xima a ser atendida pela iniciativa<\/p>\n<p>A Secretaria de meio Ambiente, Recursos Naturais e Servi\u00e7os Urbanos da Prefeitura de Po\u00e1 realiza o projeto \u201cHorta Urbana\u201d, que promove o cultivo de hortali\u00e7as a fim de beneficiar entidades assistenciais do munic\u00edpio. O plantio teve in\u00edcio h\u00e1 cerca de dois meses (preparo do solo e plantio) e j\u00e1 realizou doa\u00e7\u00f5es a duas entidades do munic\u00edpio, a Associa\u00e7\u00e3o de Pais e Amigos de Excepcionais (APAE) e a Institui\u00e7\u00e3o Assistencial Crist\u00e3 &#8211; Lar M\u00e3e Mariana.<\/p>\n<p>Segundo a respons\u00e1vel pela Pasta, Claudete Canada, o projeto \u00e9 uma ferramenta que tem como finalidade promover a educa\u00e7\u00e3o ambiental, seguran\u00e7a alimentar e a qualidade de vida. \u201cO objetivo \u00e9 auxiliar no combate \u00e0 fome, al\u00e9m da melhoria alimentar das fam\u00edlias e educar e conscientizar a popula\u00e7\u00e3o sobre o consumo de hortali\u00e7as org\u00e2nicas que representa uma melhor qualidade de vida\u201d, ressaltou.<img loading=\"lazy\" decoding=\"async\" class=\"alignleft size-medium wp-image-120\" src=\"https:\/\/jm-metropole.com.br\/site\/wp-content\/uploads\/2021\/11\/WhatsApp-Image-2021-11-16-at-17.54.58-300x200.jpeg\" alt=\"\" width=\"300\" height=\"200\" srcset=\"https:\/\/jm-metropole.com.br\/site\/wp-content\/uploads\/2021\/11\/WhatsApp-Image-2021-11-16-at-17.54.58-300x200.jpeg 300w, https:\/\/jm-metropole.com.br\/site\/wp-content\/uploads\/2021\/11\/WhatsApp-Image-2021-11-16-at-17.54.58-1024x682.jpeg 1024w, https:\/\/jm-metropole.com.br\/site\/wp-content\/uploads\/2021\/11\/WhatsApp-Image-2021-11-16-at-17.54.58-768x512.jpeg 768w, https:\/\/jm-metropole.com.br\/site\/wp-content\/uploads\/2021\/11\/WhatsApp-Image-2021-11-16-at-17.54.58-150x100.jpeg 150w, https:\/\/jm-metropole.com.br\/site\/wp-content\/uploads\/2021\/11\/WhatsApp-Image-2021-11-16-at-17.54.58-696x464.jpeg 696w, https:\/\/jm-metropole.com.br\/site\/wp-content\/uploads\/2021\/11\/WhatsApp-Image-2021-11-16-at-17.54.58-1068x712.jpeg 1068w, https:\/\/jm-metropole.com.br\/site\/wp-content\/uploads\/2021\/11\/WhatsApp-Image-2021-11-16-at-17.54.58.jpeg 1280w\" sizes=\"auto, (max-width: 300px) 100vw, 300px\" \/><\/p>\n<p>At\u00e9 o momento, as entidades Associa\u00e7\u00e3o de Pais e Amigos de Excepcionais (APAE) e a Institui\u00e7\u00e3o Assistencial Crist\u00e3 &#8211; Lar M\u00e3e Mariana j\u00e1 foram beneficiadas pelo projeto. \u201cVamos entrar em contato com a Sociedade De Amparo Ao Menor Paulo De Tarso para realizar a doa\u00e7\u00e3o dos produtos para a entidade. Queremos realizar este servi\u00e7o junto a todas as entidades assistenciais do munic\u00edpio\u201d, afirmou Claudete. Dentre as hortali\u00e7as que fazem parte do projeto, \u00e9 poss\u00edvel encontrar alface, almeir\u00e3o, salsinha, couve, hortel\u00e3, or\u00e9gano, p\u00e9 de pimenta, r\u00facula, cebolinha, coentro, acelga, jil\u00f3, entre outros.<\/p>\n<p>A secret\u00e1ria ressaltou que a meta da \u201cHorta Urbana\u201d \u00e9 identificar terrenos p\u00fablicos e\/ou privados (caso o propriet\u00e1rio queira ser parceiro do projeto) que estejam ociosos para implanta\u00e7\u00e3o de hortas, cadastrando fam\u00edlias interessadas e fornecendo os insumos b\u00e1sicos para iniciar a produ\u00e7\u00e3o. \u201cO projeto tamb\u00e9m inclui a realiza\u00e7\u00e3o de encontros e visitas t\u00e9cnicas, para a troca de conhecimentos tanto dos t\u00e9cnicos como do p\u00fablico-alvo. Aproveito para agradecer a prefeita Marcia Bin que tem dado todo respaldo para a que Secretaria desenvolva projetos como este\u201d, finalizou.<\/p>\n<p>As entidades assistenciais que tiverem interesse em fazer parte deste projeto, devem entrar em contato com a Secretaria de Meio Ambiente, Recursos Naturais e Servi\u00e7os Urbanos, pelo telefone 4636-6408.<\/p>\n<p>FOTOS: Rodrigo Nagafuti \u2013 Secom Po\u00e1<\/p>\n","protected":false},"excerpt":{"rendered":"<p>Hortali\u00e7as cultivadas pelo projeto j\u00e1 foram doadas para o lar M\u00e3e Mariana e para Apae; Paulo de Tarso ser\u00e1 a pr\u00f3xima a ser atendida pela iniciativa A Secretaria de meio Ambiente, Recursos Naturais e Servi\u00e7os Urbanos da Prefeitura de Po\u00e1 realiza o projeto \u201cHorta Urbana\u201d, que promove o cultivo de hortali\u00e7as a fim de beneficiar [&hellip;]<\/p>\n","protected":false},"author":1,"featured_media":119,"comment_status":"open","ping_status":"open","sticky":false,"template":"","format":"standard","meta":{"footnotes":""},"categories":[19],"tags":[],"class_list":{"0":"post-118","1":"post","2":"type-post","3":"status-publish","4":"format-standard","5":"has-post-thumbnail","7":"category-poa"},"_links":{"self":[{"href":"https:\/\/jm-metropole.com.br\/site\/wp-json\/wp\/v2\/posts\/118","targetHints":{"allow":["GET"]}}],"collection":[{"href":"https:\/\/jm-metropole.com.br\/site\/wp-json\/wp\/v2\/posts"}],"about":[{"href":"https:\/\/jm-metropole.com.br\/site\/wp-json\/wp\/v2\/types\/post"}],"author":[{"embeddable":true,"href":"https:\/\/jm-metropole.com.br\/site\/wp-json\/wp\/v2\/users\/1"}],"replies":[{"embeddable":true,"href":"https:\/\/jm-metropole.com.br\/site\/wp-json\/wp\/v2\/comments?post=118"}],"version-history":[{"count":1,"href":"https:\/\/jm-metropole.com.br\/site\/wp-json\/wp\/v2\/posts\/118\/revisions"}],"predecessor-version":[{"id":121,"href":"https:\/\/jm-metropole.com.br\/site\/wp-json\/wp\/v2\/posts\/118\/revisions\/121"}],"wp:featuredmedia":[{"embeddable":true,"href":"https:\/\/jm-metropole.com.br\/site\/wp-json\/wp\/v2\/media\/119"}],"wp:attachment":[{"href":"https:\/\/jm-metropole.com.br\/site\/wp-json\/wp\/v2\/media?parent=118"}],"wp:term":[{"taxonomy":"category","embeddable":true,"href":"https:\/\/jm-metropole.com.br\/site\/wp-json\/wp\/v2\/categories?post=118"},{"taxonomy":"post_tag","embeddable":true,"href":"https:\/\/jm-metropole.com.br\/site\/wp-json\/wp\/v2\/tags?post=118"}],"curies":[{"name":"wp","href":"https:\/\/api.w.org\/{rel}","templated":true}]}}