{"id":1163,"date":"2022-06-29T08:20:24","date_gmt":"2022-06-29T11:20:24","guid":{"rendered":"https:\/\/jm-metropole.com.br\/site\/?p=1163"},"modified":"2022-06-29T08:20:24","modified_gmt":"2022-06-29T11:20:24","slug":"greve-de-onibus-instala-caos-na-capital-paulista","status":"publish","type":"post","link":"https:\/\/jm-metropole.com.br\/site\/greve-de-onibus-instala-caos-na-capital-paulista\/","title":{"rendered":"Greve de \u00f4nibus instala caos na capital paulista"},"content":{"rendered":"<p>A greve de \u00f4nibus anunciada pelos motoristas e cobradores para a cidade de S\u00e3o Paulo, se concretizou nesta quarta-feira (29) e afeta 675 linhas diurnas e 6.008 \u00f4nibus.<\/p>\n<p>O caos est\u00e1 instalado na cidade e 1,5 milh\u00e3o de passageiros no pico da manh\u00e3, n\u00e3o conseguiram se locomover normalmente, de acordo com informa\u00e7\u00f5es da SPTrans.<\/p>\n<p>Durante a madrugada, 88 linhas noturnas, das 150 que operam em condi\u00e7\u00f5es normais, n\u00e3o circularam. A partir das 4h, a opera\u00e7\u00e3o em todas as garagens dos grupos estrutural e de articula\u00e7\u00e3o regional foi interrompida, com exce\u00e7\u00e3o da Express, na zona leste.<\/p>\n<p>A prefeitura de S\u00e3o Paulo suspendeu o rod\u00edzio municipal de ve\u00edculos nesta quarta-feira.com isso, carros com placas com final 5 e 6 podem circular. Faixas exclusivas e corredores de \u00f4nibus tamb\u00e9m est\u00e3o liberados no per\u00edodo de dura\u00e7\u00e3o da paralisa\u00e7\u00e3o.<\/p>\n<p>A categoria reivindica hora de almo\u00e7o remunerada e pagamento de Plano de Lucros e Resultados (PLR).<\/p>\n<p>A SP Trans se manifestou atrav\u00e9s de nota.<br \/>\n&#8220;A Prefeitura de S\u00e3o Paulo, por meio da SPTrans, lamenta a paralisa\u00e7\u00e3o de linhas de \u00f4nibus municipais e espera que trabalhadores e empres\u00e1rios cheguem em breve a um acordo para que a popula\u00e7\u00e3o de S\u00e3o Paulo n\u00e3o seja ainda mais penalizada&#8221;, diz nota da SPTrans.<br \/>\nO tr\u00e2nsito na cidade est\u00e1 muito mais congestionado e n\u00e3o dever\u00e1 melhorar at\u00e9 que os coletivos voltem a circular.<\/p>\n<p>A greve de acordo com o sindicato de motoristas e cobradores dever\u00e1 ter dura\u00e7\u00e3o de 24hs na capital paulista.<\/p>\n","protected":false},"excerpt":{"rendered":"<p>A greve de \u00f4nibus anunciada pelos motoristas e cobradores para a cidade de S\u00e3o Paulo, se concretizou nesta quarta-feira (29) e afeta 675 linhas diurnas e 6.008 \u00f4nibus. O caos est\u00e1 instalado na cidade e 1,5 milh\u00e3o de passageiros no pico da manh\u00e3, n\u00e3o conseguiram se locomover normalmente, de acordo com informa\u00e7\u00f5es da SPTrans. Durante [&hellip;]<\/p>\n","protected":false},"author":1,"featured_media":1164,"comment_status":"open","ping_status":"open","sticky":false,"template":"","format":"standard","meta":{"footnotes":""},"categories":[1],"tags":[],"class_list":{"0":"post-1163","1":"post","2":"type-post","3":"status-publish","4":"format-standard","5":"has-post-thumbnail","7":"category-tudo"},"_links":{"self":[{"href":"https:\/\/jm-metropole.com.br\/site\/wp-json\/wp\/v2\/posts\/1163","targetHints":{"allow":["GET"]}}],"collection":[{"href":"https:\/\/jm-metropole.com.br\/site\/wp-json\/wp\/v2\/posts"}],"about":[{"href":"https:\/\/jm-metropole.com.br\/site\/wp-json\/wp\/v2\/types\/post"}],"author":[{"embeddable":true,"href":"https:\/\/jm-metropole.com.br\/site\/wp-json\/wp\/v2\/users\/1"}],"replies":[{"embeddable":true,"href":"https:\/\/jm-metropole.com.br\/site\/wp-json\/wp\/v2\/comments?post=1163"}],"version-history":[{"count":1,"href":"https:\/\/jm-metropole.com.br\/site\/wp-json\/wp\/v2\/posts\/1163\/revisions"}],"predecessor-version":[{"id":1165,"href":"https:\/\/jm-metropole.com.br\/site\/wp-json\/wp\/v2\/posts\/1163\/revisions\/1165"}],"wp:featuredmedia":[{"embeddable":true,"href":"https:\/\/jm-metropole.com.br\/site\/wp-json\/wp\/v2\/media\/1164"}],"wp:attachment":[{"href":"https:\/\/jm-metropole.com.br\/site\/wp-json\/wp\/v2\/media?parent=1163"}],"wp:term":[{"taxonomy":"category","embeddable":true,"href":"https:\/\/jm-metropole.com.br\/site\/wp-json\/wp\/v2\/categories?post=1163"},{"taxonomy":"post_tag","embeddable":true,"href":"https:\/\/jm-metropole.com.br\/site\/wp-json\/wp\/v2\/tags?post=1163"}],"curies":[{"name":"wp","href":"https:\/\/api.w.org\/{rel}","templated":true}]}}