{"id":1158,"date":"2022-06-28T17:13:09","date_gmt":"2022-06-28T20:13:09","guid":{"rendered":"https:\/\/jm-metropole.com.br\/site\/?p=1158"},"modified":"2022-06-28T17:13:09","modified_gmt":"2022-06-28T20:13:09","slug":"sindicato-dos-motoristas-e-cobradores-de-sao-paulo-decreta-greve-total-para-esta-quarta-feira-29-em-sao-paulo","status":"publish","type":"post","link":"https:\/\/jm-metropole.com.br\/site\/sindicato-dos-motoristas-e-cobradores-de-sao-paulo-decreta-greve-total-para-esta-quarta-feira-29-em-sao-paulo\/","title":{"rendered":"Sindicato dos motoristas e cobradores de S\u00e3o Paulo decreta greve total para esta quarta-feira (29), em S\u00e3o Paulo"},"content":{"rendered":"<p>Sem acordo entre sindicato de motoristas e cobradores com empres\u00e1rios, como prometido na semana passada, foi decretada greve dos motoristas e cobradores de \u00f4nibus da capital paulista a partir da 00h desta quarta feira.<\/p>\n<p>De acordo com o representante do Sindimotoristas, Vandevan Noventa a aprova\u00e7\u00e3o dos trabalhadores foi un\u00e2nime.<\/p>\n<p>&#8220;Acabamos de sair de uma assembl\u00e9ia de greve com mais de 5000 trabalhadores e a aprova\u00e7\u00e3o foi un\u00e2nime pela paralisa\u00e7\u00e3o total amanh\u00e3, quarta feira (29)&#8221;, disse.<br \/>\n&#8220;Foi dado sete dias de prazo para os empres\u00e1rios atenderem as revindica\u00e7\u00f5es dos trabalhadores, o que n\u00e3o foi feito. Sentamos com eles por tr\u00eas vezes nesse prazo, e os empres\u00e1rios foram irredut\u00edveis em chegar a um denominador comum, n\u00e3o quiseram fazer acordo com a categoria, completou Valdevan Noventa.<\/p>\n<p>&#8220;Hoje a maioria dos empres\u00e1rios est\u00e3o viajando at\u00e9 para o exterior, e parecem que n\u00e3o est\u00e3o nem a\u00ed para os trabalhadores e para a popula\u00e7\u00e3o que utiliza os \u00f4nibus. O trabalhador n\u00e3o aguenta mais&#8221;, concluiu o representante do Sindimotoristas.<\/p>\n<p>Havendo a paralisa\u00e7\u00e3o como prometida para amanh\u00e3, ser\u00e1 a segunda greve de \u00f4nibus somente neste m\u00eas de junho e dever\u00e1 novamente gerar um grande caos aos usu\u00e1rios do transporte coletivo da cidade de S\u00e3o Paulo.<\/p>\n<p>Ainda de acordo com o sindicato da categoria a paralisa\u00e7\u00e3o \u00e9 inevit\u00e1vel e \u00e9 a \u00fanica forma dos trabalhadores tentarem serem atendidos em suas revindica\u00e7\u00f5es.<\/p>\n","protected":false},"excerpt":{"rendered":"<p>Sem acordo entre sindicato de motoristas e cobradores com empres\u00e1rios, como prometido na semana passada, foi decretada greve dos motoristas e cobradores de \u00f4nibus da capital paulista a partir da 00h desta quarta feira. De acordo com o representante do Sindimotoristas, Vandevan Noventa a aprova\u00e7\u00e3o dos trabalhadores foi un\u00e2nime. &#8220;Acabamos de sair de uma assembl\u00e9ia [&hellip;]<\/p>\n","protected":false},"author":1,"featured_media":884,"comment_status":"open","ping_status":"open","sticky":false,"template":"","format":"standard","meta":{"footnotes":""},"categories":[2],"tags":[],"class_list":{"0":"post-1158","1":"post","2":"type-post","3":"status-publish","4":"format-standard","5":"has-post-thumbnail","7":"category-cidades"},"_links":{"self":[{"href":"https:\/\/jm-metropole.com.br\/site\/wp-json\/wp\/v2\/posts\/1158","targetHints":{"allow":["GET"]}}],"collection":[{"href":"https:\/\/jm-metropole.com.br\/site\/wp-json\/wp\/v2\/posts"}],"about":[{"href":"https:\/\/jm-metropole.com.br\/site\/wp-json\/wp\/v2\/types\/post"}],"author":[{"embeddable":true,"href":"https:\/\/jm-metropole.com.br\/site\/wp-json\/wp\/v2\/users\/1"}],"replies":[{"embeddable":true,"href":"https:\/\/jm-metropole.com.br\/site\/wp-json\/wp\/v2\/comments?post=1158"}],"version-history":[{"count":1,"href":"https:\/\/jm-metropole.com.br\/site\/wp-json\/wp\/v2\/posts\/1158\/revisions"}],"predecessor-version":[{"id":1159,"href":"https:\/\/jm-metropole.com.br\/site\/wp-json\/wp\/v2\/posts\/1158\/revisions\/1159"}],"wp:featuredmedia":[{"embeddable":true,"href":"https:\/\/jm-metropole.com.br\/site\/wp-json\/wp\/v2\/media\/884"}],"wp:attachment":[{"href":"https:\/\/jm-metropole.com.br\/site\/wp-json\/wp\/v2\/media?parent=1158"}],"wp:term":[{"taxonomy":"category","embeddable":true,"href":"https:\/\/jm-metropole.com.br\/site\/wp-json\/wp\/v2\/categories?post=1158"},{"taxonomy":"post_tag","embeddable":true,"href":"https:\/\/jm-metropole.com.br\/site\/wp-json\/wp\/v2\/tags?post=1158"}],"curies":[{"name":"wp","href":"https:\/\/api.w.org\/{rel}","templated":true}]}}