{"id":1152,"date":"2022-06-28T15:18:47","date_gmt":"2022-06-28T18:18:47","guid":{"rendered":"https:\/\/jm-metropole.com.br\/site\/?p=1152"},"modified":"2022-06-28T15:18:47","modified_gmt":"2022-06-28T18:18:47","slug":"guararema-anuncia-retorno-do-cidade-natal-apos-dois-anos-de-suspensao","status":"publish","type":"post","link":"https:\/\/jm-metropole.com.br\/site\/guararema-anuncia-retorno-do-cidade-natal-apos-dois-anos-de-suspensao\/","title":{"rendered":"Guararema anuncia retorno do Cidade Natal, ap\u00f3s dois anos de suspens\u00e3o"},"content":{"rendered":"<p>Edi\u00e7\u00f5es de 2020 e 2021 foram suspensas por conta da Covid-19. Retorno est\u00e1 programado para ter in\u00edcio em 29 de novembro<\/p>\n<p>A Prefeitura de Guararema anunciou nesta ter\u00e7a-feira (28)a realiza\u00e7\u00e3o da 11\u00aa edi\u00e7\u00e3o do Cidade Natal, com o tema \u201cA magia volta a brilhar\u201d, ap\u00f3s dois anos de suspens\u00e3o por conta da pandemia da Covid-19. A programa\u00e7\u00e3o deve acontecer de 29 de novembro de 2022 a 8 de janeiro de 2023.<\/p>\n<p>O evento \u00e9 um dos mais tradicionais do munic\u00edpio e parte do princ\u00edpio da conscientiza\u00e7\u00e3o ambiental, contando com atra\u00e7\u00f5es e enfeites em diversos pontos da cidade, sendo respons\u00e1vel por movimentar a economia local, fortalecer o setor tur\u00edstico e a gera\u00e7\u00e3o de emprego e renda.<\/p>\n<p>As tradicionais decora\u00e7\u00f5es que tornaram Guararema a famosa \u201cCidade Natal\u201d na regi\u00e3o e em todo pa\u00eds, devem ser instaladas em cerca de 12 pr\u00e9dios, 5 quil\u00f4metros de ruas e vias , 7 pra\u00e7as e parques, al\u00e9m de 8 \u00e1rvores de Natal e diversas outras atra\u00e7\u00f5es natalinas.<\/p>\n<p>\u201cPassamos por dois anos intensos de pandemia da Covid-19 que nos obrigaram a cancelar a realiza\u00e7\u00e3o do Cidade Natal. Projetamos que vamos ter um evento lindo neste ano e que, acima de qualquer coisa, traga investimento, emprego e renda para a popula\u00e7\u00e3o de Guararema, al\u00e9m de atividades tur\u00edsticas para todos\u201d, explica o prefeito Z\u00e9.<\/p>\n<p>A \u00faltima edi\u00e7\u00e3o do evento ocorreu em 2019, e chegou a gerar um movimento de cerca de 580 mil pessoas no munic\u00edpio, de acordo com dados da Administra\u00e7\u00e3o Municipal. Por conta desse intenso fluxo de pessoas que sempre marcou o evento, a Prefeitura decretou o cancelamento das festividades natalinas nos anos de 2020 e 2021.<\/p>\n<p>Os enfeites s\u00e3o confeccionados com materiais reciclados, e as a\u00e7\u00f5es de coleta destes materiais passavam pelas escolas, onde \u00e9 feito o trabalho de conscientiza\u00e7\u00e3o das crian\u00e7as. Em 10 edi\u00e7\u00f5es, o Guararema Cidade Natal j\u00e1 reutilizou mais de 6 milh\u00f5es de garrafas PET recicladas arrecadas nas escolas do munic\u00edpio ao longo do ano, se transformando nos enfeites que decoram a cidade.<\/p>\n<p>\u201cSabemos da import\u00e2ncia deste evento para Guararema e, ap\u00f3s esse per\u00edodo pand\u00eamico, temos o retorno dos enfeites, das atra\u00e7\u00f5es natalinas e de toda a magia nesta \u00e9poca do ano no munic\u00edpio\u201d, afirma o secret\u00e1rio municipal de Cultura e Turismo, Mateus Sartori.<\/p>\n<p>O projeto e a programa\u00e7\u00e3o completa sobre a edi\u00e7\u00e3o deste ano est\u00e3o sendo finalizados pela Administra\u00e7\u00e3o Municipal, e ao longo ano ser\u00e3o divulgados por meio dos canais oficiais.<\/p>\n<p>\u201cOportunidades, emprego, renda e muito trabalho. Assim tamb\u00e9m \u00e9 encarado o Cidade Natal aqui em Guararema, uma vez que o turismo da cidade \u00e9 um dos grandes geradores de oportunidades na nossa cidade\u201d, afirma o secret\u00e1rio municipal de Emprego e Desenvolvimento Econ\u00f4mico, Odvane Rodrigues.<\/p>\n<p>Campanha de arrecada\u00e7\u00e3o de garrafas pet<br \/>\nPara a finaliza\u00e7\u00e3o da decora\u00e7\u00e3o deste ano, a Prefeitura de Guararema deu in\u00edcio \u00e0 Campanha de Arrecada\u00e7\u00e3o de Garrafas Pet para toda a popula\u00e7\u00e3o.<\/p>\n<p>Em parceria com a Cooperativa GuaraRecicla, a arrecada\u00e7\u00e3o ser\u00e1 feita junto \u00e0 coleta seletiva porta a porta, conforme cronograma j\u00e1 estabelecido e por meio dos Pontos de Entrega Volunt\u00e1ria de Recicl\u00e1veis (PEV\u2019S) localizados em mais de 10 pontos do munic\u00edpio.<br \/>\nAl\u00e9m disso, o tradicional Concurso Guararema Cidade Natal realizado nas escolas da Rede Municipal de Ensino ter\u00e1 in\u00edcio em 1\u00ba de agosto, com pr\u00eamios para a escola, turmas e alunos que tiverem a maior arrecada\u00e7\u00e3o.<\/p>\n","protected":false},"excerpt":{"rendered":"<p>Edi\u00e7\u00f5es de 2020 e 2021 foram suspensas por conta da Covid-19. Retorno est\u00e1 programado para ter in\u00edcio em 29 de novembro A Prefeitura de Guararema anunciou nesta ter\u00e7a-feira (28)a realiza\u00e7\u00e3o da 11\u00aa edi\u00e7\u00e3o do Cidade Natal, com o tema \u201cA magia volta a brilhar\u201d, ap\u00f3s dois anos de suspens\u00e3o por conta da pandemia da Covid-19. [&hellip;]<\/p>\n","protected":false},"author":1,"featured_media":1153,"comment_status":"open","ping_status":"open","sticky":false,"template":"","format":"standard","meta":{"footnotes":""},"categories":[13,8],"tags":[],"class_list":{"0":"post-1152","1":"post","2":"type-post","3":"status-publish","4":"format-standard","5":"has-post-thumbnail","7":"category-cultura","8":"category-guararema"},"_links":{"self":[{"href":"https:\/\/jm-metropole.com.br\/site\/wp-json\/wp\/v2\/posts\/1152","targetHints":{"allow":["GET"]}}],"collection":[{"href":"https:\/\/jm-metropole.com.br\/site\/wp-json\/wp\/v2\/posts"}],"about":[{"href":"https:\/\/jm-metropole.com.br\/site\/wp-json\/wp\/v2\/types\/post"}],"author":[{"embeddable":true,"href":"https:\/\/jm-metropole.com.br\/site\/wp-json\/wp\/v2\/users\/1"}],"replies":[{"embeddable":true,"href":"https:\/\/jm-metropole.com.br\/site\/wp-json\/wp\/v2\/comments?post=1152"}],"version-history":[{"count":1,"href":"https:\/\/jm-metropole.com.br\/site\/wp-json\/wp\/v2\/posts\/1152\/revisions"}],"predecessor-version":[{"id":1154,"href":"https:\/\/jm-metropole.com.br\/site\/wp-json\/wp\/v2\/posts\/1152\/revisions\/1154"}],"wp:featuredmedia":[{"embeddable":true,"href":"https:\/\/jm-metropole.com.br\/site\/wp-json\/wp\/v2\/media\/1153"}],"wp:attachment":[{"href":"https:\/\/jm-metropole.com.br\/site\/wp-json\/wp\/v2\/media?parent=1152"}],"wp:term":[{"taxonomy":"category","embeddable":true,"href":"https:\/\/jm-metropole.com.br\/site\/wp-json\/wp\/v2\/categories?post=1152"},{"taxonomy":"post_tag","embeddable":true,"href":"https:\/\/jm-metropole.com.br\/site\/wp-json\/wp\/v2\/tags?post=1152"}],"curies":[{"name":"wp","href":"https:\/\/api.w.org\/{rel}","templated":true}]}}