{"id":1141,"date":"2022-06-28T10:52:05","date_gmt":"2022-06-28T13:52:05","guid":{"rendered":"https:\/\/jm-metropole.com.br\/site\/?p=1141"},"modified":"2022-06-28T10:52:05","modified_gmt":"2022-06-28T13:52:05","slug":"espaco-de-cidadania-ciee-de-guararema-iniciou-atividades-na-proxima-segunda-feira-27","status":"publish","type":"post","link":"https:\/\/jm-metropole.com.br\/site\/espaco-de-cidadania-ciee-de-guararema-iniciou-atividades-na-proxima-segunda-feira-27\/","title":{"rendered":"Espa\u00e7o de Cidadania CIEE de Guararema iniciou atividades na pr\u00f3xima segunda-feira (27)"},"content":{"rendered":"<p>Unidade vai oferecer servi\u00e7os de conviv\u00eancia e fortalecimento de v\u00ednculos para adolescentes de 15 a 17 anos<\/p>\n<p>Desde a \u00faltima segunda-feira (27), tiveram in\u00edcio as atividades presenciais do Espa\u00e7o de Cidadania CIEE de Guararema. A unidade vai oferecer servi\u00e7os de conviv\u00eancia e fortalecimento de v\u00ednculos para adolescentes, por meio da parceria realizada pela Secretaria Municipal de Desenvolvimento Social e Habita\u00e7\u00e3o com o Centro de Integra\u00e7\u00e3o Empresa Escola (CIEE).<\/p>\n<p>O espa\u00e7o \u00e9 dedicado \u00e0 oferta de a\u00e7\u00f5es e servi\u00e7os socioassistenciais gratuitos para jovens de 15 a 17 anos, em situa\u00e7\u00e3o de vulnerabilidade e risco social e pessoal, com objetivo de fortalecer a conviv\u00eancia social, a participa\u00e7\u00e3o cidad\u00e3, o retorno ou perman\u00eancia na escola e uma forma\u00e7\u00e3o geral para o mundo do trabalho.<\/p>\n<p>O p\u00fablico-alvo \u00e9 encaminhado prioritariamente pela rede socioassistencial, em particular, pelos Centros de Refer\u00eancia de Assist\u00eancia Social (CRAS) e Centros de Refer\u00eancia Especializados de Assist\u00eancia Social (CREAS).<\/p>\n<p>\u201c\u00c9 muito importante que nossos adolescentes possam contar com o servi\u00e7o gratuito de conviv\u00eancia e fortalecimento de v\u00ednculos, e desenvolvam o sentimento de pertencimento. Tenho certeza que esta parceria com o CIEE vai trazer muitos resultados positivos para os jovens de Guararema\u201d, pontua o secret\u00e1rio municipal de Desenvolvimento Social e Habita\u00e7\u00e3o, Eduardo Moreira.<\/p>\n<p>Ao longo desta semana, foi realizado um mutir\u00e3o de inscri\u00e7\u00f5es e os grupos de atividades devem iniciar as atividades na pr\u00f3xima segunda-feira (27). No entanto, as inscri\u00e7\u00f5es seguem abertas para jovens interessados.<\/p>\n<p>Para realizar a inscri\u00e7\u00e3o, \u00e9 necess\u00e1rio que o (a) adolescente compare\u00e7a no pr\u00e9dio do Espa\u00e7o Cidadania localizado na Rua Benedita Fonseca Freire, n\u00ba 81 no Centro, acompanhado de um respons\u00e1vel, maior de idade e ambos munidos com RG e CPF. O telefone para mais informa\u00e7\u00f5es \u00e9 (11) 4695-5125.<\/p>\n<p>Os grupos inicialmente ter\u00e3o atividades organizadas nos eixos de: conviv\u00eancia, direitos humanos, participa\u00e7\u00e3o social, lazer e mundo do trabalho. As a\u00e7\u00f5es v\u00e3o acontecer de segunda a quinta-feira, no per\u00edodo da manh\u00e3 das 8h30 \u00e0s 11h30 e \u00e0 tarde das 14 \u00e0s 17 horas.<\/p>\n<p>Cr\u00e9ditos fotos: Tiago Morais<\/p>\n","protected":false},"excerpt":{"rendered":"<p>Unidade vai oferecer servi\u00e7os de conviv\u00eancia e fortalecimento de v\u00ednculos para adolescentes de 15 a 17 anos Desde a \u00faltima segunda-feira (27), tiveram in\u00edcio as atividades presenciais do Espa\u00e7o de Cidadania CIEE de Guararema. A unidade vai oferecer servi\u00e7os de conviv\u00eancia e fortalecimento de v\u00ednculos para adolescentes, por meio da parceria realizada pela Secretaria Municipal [&hellip;]<\/p>\n","protected":false},"author":1,"featured_media":1142,"comment_status":"open","ping_status":"open","sticky":false,"template":"","format":"standard","meta":{"footnotes":""},"categories":[2,8],"tags":[],"class_list":{"0":"post-1141","1":"post","2":"type-post","3":"status-publish","4":"format-standard","5":"has-post-thumbnail","7":"category-cidades","8":"category-guararema"},"_links":{"self":[{"href":"https:\/\/jm-metropole.com.br\/site\/wp-json\/wp\/v2\/posts\/1141","targetHints":{"allow":["GET"]}}],"collection":[{"href":"https:\/\/jm-metropole.com.br\/site\/wp-json\/wp\/v2\/posts"}],"about":[{"href":"https:\/\/jm-metropole.com.br\/site\/wp-json\/wp\/v2\/types\/post"}],"author":[{"embeddable":true,"href":"https:\/\/jm-metropole.com.br\/site\/wp-json\/wp\/v2\/users\/1"}],"replies":[{"embeddable":true,"href":"https:\/\/jm-metropole.com.br\/site\/wp-json\/wp\/v2\/comments?post=1141"}],"version-history":[{"count":1,"href":"https:\/\/jm-metropole.com.br\/site\/wp-json\/wp\/v2\/posts\/1141\/revisions"}],"predecessor-version":[{"id":1143,"href":"https:\/\/jm-metropole.com.br\/site\/wp-json\/wp\/v2\/posts\/1141\/revisions\/1143"}],"wp:featuredmedia":[{"embeddable":true,"href":"https:\/\/jm-metropole.com.br\/site\/wp-json\/wp\/v2\/media\/1142"}],"wp:attachment":[{"href":"https:\/\/jm-metropole.com.br\/site\/wp-json\/wp\/v2\/media?parent=1141"}],"wp:term":[{"taxonomy":"category","embeddable":true,"href":"https:\/\/jm-metropole.com.br\/site\/wp-json\/wp\/v2\/categories?post=1141"},{"taxonomy":"post_tag","embeddable":true,"href":"https:\/\/jm-metropole.com.br\/site\/wp-json\/wp\/v2\/tags?post=1141"}],"curies":[{"name":"wp","href":"https:\/\/api.w.org\/{rel}","templated":true}]}}