{"id":1131,"date":"2022-06-27T15:59:32","date_gmt":"2022-06-27T18:59:32","guid":{"rendered":"https:\/\/jm-metropole.com.br\/site\/?p=1131"},"modified":"2022-06-27T15:59:32","modified_gmt":"2022-06-27T18:59:32","slug":"sabesp-vai-recapear-90-km-de-vias-na-capital","status":"publish","type":"post","link":"https:\/\/jm-metropole.com.br\/site\/sabesp-vai-recapear-90-km-de-vias-na-capital\/","title":{"rendered":"Sabesp vai recapear 90 km de vias na capital"},"content":{"rendered":"<p>An\u00fancio feito nesta sexta-feira abrange ruas em todas as regi\u00f5es; investimento ser\u00e1 de<br \/>\nR$ 120 milh\u00f5es.<\/p>\n<p>A Sabesp e o Governo de S\u00e3o Paulo anunciaram na \u00faltima sexta-feira<br \/>\n(24), uma parceria com a Prefeitura de S\u00e3o Paulo para o recapeamento at\u00e9<br \/>\no fim do ano de 808 mil m\u00b2 de vias da capital, totalizando aproximadamente<br \/>\n90 km. A Companhia aplicar\u00e1 R$ 120 milh\u00f5es no projeto.<\/p>\n<p>O\u00a0 \u00a0 an\u00fancio\u00a0 \u00a0 foi\u00a0 \u00a0feito\u00a0 \u00a0pelo\u00a0 \u00a0governador\u00a0 \u00a0Rodrigo\u00a0 \u00a0Garcia,\u00a0 \u00a0pelo<br \/>\ndiretor-presidente\u00a0 da\u00a0 Sabesp,\u00a0 Benedito\u00a0 Braga,\u00a0 e pelo prefeito Ricardo<br \/>\nNunes,\u00a0 durante\u00a0 lan\u00e7amento\u00a0 do Programa \u00c1gua Legal no Jardim Pantanal, na<br \/>\nzona\u00a0 leste\u00a0 da\u00a0 capital.\u00a0 Tamb\u00e9m\u00a0 estiveram\u00a0 presentes\u00a0 os secret\u00e1rios de<br \/>\nGoverno,\u00a0 Marcos\u00a0 Penido,\u00a0 e\u00a0 de\u00a0 Infraestrutura e Meio Ambiente, Fernando<br \/>\nChucre, al\u00e9m do diretor Metropolitano da Companhia, Ricardo Borsari.<\/p>\n<p>\u201cHoje\u00a0 n\u00f3s\u00a0 estamos\u00a0 liberando a Sabesp para um programa em parceria com a<br \/>\nPrefeitura\u00a0 de S\u00e3o Paulo, para asfaltar mais de 90 km de ruas da cidade. \u00c9<br \/>\num\u00a0 grande\u00a0 programa\u00a0 de\u00a0 recapeamento\u00a0 e a Sabesp vai ajudar a melhorar o<br \/>\nesfor\u00e7o da prefeitura\u201d, disse o governador.<\/p>\n<p>A\u00a0 Sabesp\u00a0 vem atuando continuamente com a prefeitura em busca de solu\u00e7\u00f5es<br \/>\npara\u00a0 a\u00a0 gest\u00e3o\u00a0 do\u00a0 pavimento,\u00a0 tendo participado da cria\u00e7\u00e3o do Geoinfra,<br \/>\nsistema de controle utilizado pelo munic\u00edpio e por concession\u00e1rias. Tamb\u00e9m<br \/>\nimplantou\u00a0 o\u00a0 CERP\u00a0 Vila\u00a0 Leopoldina,\u00a0 que\u00a0 recicla\u00a0 materiais de obras da<br \/>\nCompanhia\u00a0 para\u00a0 produ\u00e7\u00e3o\u00a0 de\u00a0 asfalto\u00a0 espumado, mais moderno e flex\u00edvel,<br \/>\nreduzindo os riscos de surgimento de trincas. Com processo sustent\u00e1vel que<br \/>\nresultou\u00a0 no Selo Verde do Instituto Chico Mendes, trata-se de alternativa<br \/>\nde economia circular e de parceria com o munic\u00edpio.<\/p>\n<p>O\u00a0 recapeamento\u00a0 contemplar\u00e1 156 vias em todas as regi\u00f5es da cidade, em um<br \/>\ntotal\u00a0 de\u00a0 808\u00a0 mil m\u00b2. Ser\u00e3o 164,2 mil m\u00b2 em 36 vias na zona norte; 194,1<br \/>\nmil\u00a0 m\u00b2\u00a0 em\u00a0 37\u00a0 vias\u00a0 na zona sul; 130,1 mil m\u00b2 em 23 vias na zona oeste;<br \/>\n297,7\u00a0 mil m\u00b2 em 54 vias na zona leste; e 21,9 mil m\u00b2 em 6 vias no centro.<br \/>\nA indica\u00e7\u00e3o das vias foi feita pela prefeitura e considerou aspectos como:<br \/>\nsitua\u00e7\u00e3o\u00a0 ruim\u00a0 do\u00a0 asfalto,\u00a0 presen\u00e7a de com\u00e9rcio e de linhas de \u00f4nibus e<br \/>\nacesso a vias de fluxo alto.<\/p>\n<p>Os\u00a0 trabalhos\u00a0 ser\u00e3o\u00a0 iniciados nas seguintes vias: rua Gon\u00e7alves Dias, na<br \/>\nregi\u00e3o\u00a0 central;\u00a0 rua\u00a0 Cachoeira\u00a0 do\u00a0 Campo\u00a0 Grande, zona leste; rua Prof.<br \/>\nOt\u00e1vio\u00a0 Guimar\u00e3es,\u00a0 na\u00a0 zona\u00a0 sul;\u00a0 rua Comandante Ferreira Carneiro, zona<br \/>\nnorte; e avenida Bar\u00e3o de Melga\u00e7o, na zona oeste.<\/p>\n","protected":false},"excerpt":{"rendered":"<p>An\u00fancio feito nesta sexta-feira abrange ruas em todas as regi\u00f5es; investimento ser\u00e1 de R$ 120 milh\u00f5es. A Sabesp e o Governo de S\u00e3o Paulo anunciaram na \u00faltima sexta-feira (24), uma parceria com a Prefeitura de S\u00e3o Paulo para o recapeamento at\u00e9 o fim do ano de 808 mil m\u00b2 de vias da capital, totalizando aproximadamente [&hellip;]<\/p>\n","protected":false},"author":1,"featured_media":1132,"comment_status":"open","ping_status":"open","sticky":false,"template":"","format":"standard","meta":{"footnotes":""},"categories":[1],"tags":[],"class_list":{"0":"post-1131","1":"post","2":"type-post","3":"status-publish","4":"format-standard","5":"has-post-thumbnail","7":"category-tudo"},"_links":{"self":[{"href":"https:\/\/jm-metropole.com.br\/site\/wp-json\/wp\/v2\/posts\/1131","targetHints":{"allow":["GET"]}}],"collection":[{"href":"https:\/\/jm-metropole.com.br\/site\/wp-json\/wp\/v2\/posts"}],"about":[{"href":"https:\/\/jm-metropole.com.br\/site\/wp-json\/wp\/v2\/types\/post"}],"author":[{"embeddable":true,"href":"https:\/\/jm-metropole.com.br\/site\/wp-json\/wp\/v2\/users\/1"}],"replies":[{"embeddable":true,"href":"https:\/\/jm-metropole.com.br\/site\/wp-json\/wp\/v2\/comments?post=1131"}],"version-history":[{"count":1,"href":"https:\/\/jm-metropole.com.br\/site\/wp-json\/wp\/v2\/posts\/1131\/revisions"}],"predecessor-version":[{"id":1133,"href":"https:\/\/jm-metropole.com.br\/site\/wp-json\/wp\/v2\/posts\/1131\/revisions\/1133"}],"wp:featuredmedia":[{"embeddable":true,"href":"https:\/\/jm-metropole.com.br\/site\/wp-json\/wp\/v2\/media\/1132"}],"wp:attachment":[{"href":"https:\/\/jm-metropole.com.br\/site\/wp-json\/wp\/v2\/media?parent=1131"}],"wp:term":[{"taxonomy":"category","embeddable":true,"href":"https:\/\/jm-metropole.com.br\/site\/wp-json\/wp\/v2\/categories?post=1131"},{"taxonomy":"post_tag","embeddable":true,"href":"https:\/\/jm-metropole.com.br\/site\/wp-json\/wp\/v2\/tags?post=1131"}],"curies":[{"name":"wp","href":"https:\/\/api.w.org\/{rel}","templated":true}]}}