{"id":11141,"date":"2023-07-21T11:32:54","date_gmt":"2023-07-21T14:32:54","guid":{"rendered":"https:\/\/jm-metropole.com.br\/site\/?p=11141"},"modified":"2023-07-21T11:32:54","modified_gmt":"2023-07-21T14:32:54","slug":"secretaria-de-cultura-anuncia-retomada-de-parceria-com-ponto-mis","status":"publish","type":"post","link":"https:\/\/jm-metropole.com.br\/site\/secretaria-de-cultura-anuncia-retomada-de-parceria-com-ponto-mis\/","title":{"rendered":"SECRETARIA DE CULTURA ANUNCIA RETOMADA DE PARCERIA COM PONTO MIS"},"content":{"rendered":"<p>A Prefeitura de Santa Isabel, por meio da Secretaria Municipal de Cultura anuncia a retomada das exibi\u00e7\u00f5es gratuitas de filmes conceituados em Santa Isabel. O projeto \u00e9 realizado em parceria com o Museu da Imagem e do Som, por meio do Ponto MIS.<\/p>\n<p>A primeira obra ser\u00e1 apresentada no Centro de Conviv\u00eancia do Idoso (CCI), e est\u00e1 agendada para o dia 20\/07. A partir das 16 horas, o filme \u201cUm broto legal\u201d ser\u00e1 exibido ao p\u00fablico, que poder\u00e1 acompanhar a hist\u00f3ria da primeira cantora de rock nacional, Celly Campello.<\/p>\n<p>J\u00e1 a partir das 19h, na Secretaria de Cultura, entra em cena a obra \u201cQuando eu era vivo\u201d, que narra a hist\u00f3ria de um homem rec\u00e9m-divorciado, que volta para a casa dos pais e se sente um estranho naquele lugar. O filme de suspense tem em seu elenco nomes como Ant\u00f4nio Fagundes e Sandy Leah.<\/p>\n<p>O Pontos MIS \u00e9 um programa de forma\u00e7\u00e3o e difus\u00e3o cultural que acontece em todo o Estado de S\u00e3o Paulo. As cidades parceiras recebem programa\u00e7\u00f5es de sess\u00f5es de cinema, e outras manifesta\u00e7\u00f5es culturais, visando a forma\u00e7\u00e3o de novos p\u00fablicos para a cultura e para o cinema.<\/p>\n<p>SESS\u00d5ES ABERTAS AO P\u00daBLICO<\/p>\n<p>As sess\u00f5es s\u00e3o abertas ao p\u00fablico em geral e para participar basta acompanhar o cronograma de apresenta\u00e7\u00f5es e a classifica\u00e7\u00e3o de cada obra:<\/p>\n<p>UM BROTO LEGAL<br \/>\nClassifica\u00e7\u00e3o: 12 anos<br \/>\nData: 20\/07<br \/>\n16 horas<br \/>\nCentro de Conviv\u00eancia do Idoso (CCI)<br \/>\nRua Dirce de Souza Machado, 500 \u2013 Jardim Eldorado<\/p>\n<p>QUANDO EU ERA VIVO<br \/>\nClassifica\u00e7\u00e3o: 12 anos<br \/>\nData: 20\/07<br \/>\n19 horas<br \/>\nCentro de Mem\u00f3ria Francisco Sanches Baptista<br \/>\nAv. da Rep\u00fablica, 118 \u2013 Ao lado do Banco do Brasil<\/p>\n","protected":false},"excerpt":{"rendered":"<p>A Prefeitura de Santa Isabel, por meio da Secretaria Municipal de Cultura anuncia a retomada das exibi\u00e7\u00f5es gratuitas de filmes conceituados em Santa Isabel. O projeto \u00e9 realizado em parceria com o Museu da Imagem e do Som, por meio do Ponto MIS. A primeira obra ser\u00e1 apresentada no Centro de Conviv\u00eancia do Idoso (CCI), [&hellip;]<\/p>\n","protected":false},"author":1,"featured_media":11142,"comment_status":"open","ping_status":"open","sticky":false,"template":"","format":"standard","meta":{"footnotes":""},"categories":[5],"tags":[],"class_list":{"0":"post-11141","1":"post","2":"type-post","3":"status-publish","4":"format-standard","5":"has-post-thumbnail","7":"category-santa-isabel"},"_links":{"self":[{"href":"https:\/\/jm-metropole.com.br\/site\/wp-json\/wp\/v2\/posts\/11141","targetHints":{"allow":["GET"]}}],"collection":[{"href":"https:\/\/jm-metropole.com.br\/site\/wp-json\/wp\/v2\/posts"}],"about":[{"href":"https:\/\/jm-metropole.com.br\/site\/wp-json\/wp\/v2\/types\/post"}],"author":[{"embeddable":true,"href":"https:\/\/jm-metropole.com.br\/site\/wp-json\/wp\/v2\/users\/1"}],"replies":[{"embeddable":true,"href":"https:\/\/jm-metropole.com.br\/site\/wp-json\/wp\/v2\/comments?post=11141"}],"version-history":[{"count":1,"href":"https:\/\/jm-metropole.com.br\/site\/wp-json\/wp\/v2\/posts\/11141\/revisions"}],"predecessor-version":[{"id":11143,"href":"https:\/\/jm-metropole.com.br\/site\/wp-json\/wp\/v2\/posts\/11141\/revisions\/11143"}],"wp:featuredmedia":[{"embeddable":true,"href":"https:\/\/jm-metropole.com.br\/site\/wp-json\/wp\/v2\/media\/11142"}],"wp:attachment":[{"href":"https:\/\/jm-metropole.com.br\/site\/wp-json\/wp\/v2\/media?parent=11141"}],"wp:term":[{"taxonomy":"category","embeddable":true,"href":"https:\/\/jm-metropole.com.br\/site\/wp-json\/wp\/v2\/categories?post=11141"},{"taxonomy":"post_tag","embeddable":true,"href":"https:\/\/jm-metropole.com.br\/site\/wp-json\/wp\/v2\/tags?post=11141"}],"curies":[{"name":"wp","href":"https:\/\/api.w.org\/{rel}","templated":true}]}}