{"id":11123,"date":"2023-07-21T09:59:20","date_gmt":"2023-07-21T12:59:20","guid":{"rendered":"https:\/\/jm-metropole.com.br\/site\/?p=11123"},"modified":"2023-07-21T09:59:20","modified_gmt":"2023-07-21T12:59:20","slug":"apresentacoes-circenses-no-teatro-adamastor-encantam-criancas-durante-o-ferias-nos-ceus","status":"publish","type":"post","link":"https:\/\/jm-metropole.com.br\/site\/apresentacoes-circenses-no-teatro-adamastor-encantam-criancas-durante-o-ferias-nos-ceus\/","title":{"rendered":"Apresenta\u00e7\u00f5es circenses no Teatro Adamastor encantam crian\u00e7as durante o F\u00e9rias nos CEUs"},"content":{"rendered":"<p>Crian\u00e7as participantes do projeto F\u00e9rias nos CEUs tiveram a oportunidade de se maravilhar com a magia do mundo do circo com as apresenta\u00e7\u00f5es que aconteceram na \u00faltima\u00a0quarta\u00a0(19),\u00a0quinta\u00a0(20) e nesta\u00a0sexta-feira (21) no Teatro Adamastor. O encerramento do projeto contou com uma apresenta\u00e7\u00e3o da Cia. Circo Viver com Arte, um espet\u00e1culo cheio de acrobacias, malabarismo, palha\u00e7ada e muita divers\u00e3o.<\/p>\n<p>O espet\u00e1culo integrou a programa\u00e7\u00e3o do projeto F\u00e9rias nos CEUs e no Cemear, com atividades recreativas e gratuitas para crian\u00e7as de quatro a 12 anos com o tema Direito de Brincar: Explorar a Imagina\u00e7\u00e3o por meio da Linguagem.<\/p>\n<p>O passeio ao teatro envolveu o p\u00fablico infantil dos CEUs Ottawa-Uirapuru, Jardim Cumbica, S\u00e3o Domingos, Presidente Dutra, Jardim Rosa de Fran\u00e7a, Continental, Para\u00edso-Alvorada, Parque S\u00e3o Miguel, Vila S\u00e3o Rafael, Bambi, Pimentas e Bonsucesso, al\u00e9m do Cemear e do Cemea Chico Mendes.<\/p>\n<p>A cada movimento de tirar o f\u00f4lego, a plateia ria e se encantava com os truques circenses produzidos com muita habilidade pelos artistas. \u201cAchei muito animada a apresenta\u00e7\u00e3o, principalmente a parte do palha\u00e7o, que era muito engra\u00e7ado, e gostei muito do malabarismo tamb\u00e9m\u201d, contou Matheus Amaral dos Santos, de 11 anos, aluno da EPG Hamilton F\u00e9lix de Souza, escola anexa ao CEU Jardim Cumbica.<\/p>\n<p>O projeto F\u00e9rias nos CEUs contou com uma programa\u00e7\u00e3o especial para 1.300 crian\u00e7as de Guarulhos. Foram dez dias de muita alegria e momentos inesquec\u00edveis para os inscritos, que desfrutaram de atividades interativas como oficinas, atra\u00e7\u00f5es art\u00edsticas, brincadeiras, passeios, al\u00e9m de refei\u00e7\u00f5es di\u00e1rias ao longo do per\u00edodo.<\/p>\n","protected":false},"excerpt":{"rendered":"<p>Crian\u00e7as participantes do projeto F\u00e9rias nos CEUs tiveram a oportunidade de se maravilhar com a magia do mundo do circo com as apresenta\u00e7\u00f5es que aconteceram na \u00faltima\u00a0quarta\u00a0(19),\u00a0quinta\u00a0(20) e nesta\u00a0sexta-feira (21) no Teatro Adamastor. O encerramento do projeto contou com uma apresenta\u00e7\u00e3o da Cia. Circo Viver com Arte, um espet\u00e1culo cheio de acrobacias, malabarismo, palha\u00e7ada e [&hellip;]<\/p>\n","protected":false},"author":1,"featured_media":11124,"comment_status":"open","ping_status":"open","sticky":false,"template":"","format":"standard","meta":{"footnotes":""},"categories":[3],"tags":[],"class_list":{"0":"post-11123","1":"post","2":"type-post","3":"status-publish","4":"format-standard","5":"has-post-thumbnail","7":"category-guarulhos"},"_links":{"self":[{"href":"https:\/\/jm-metropole.com.br\/site\/wp-json\/wp\/v2\/posts\/11123","targetHints":{"allow":["GET"]}}],"collection":[{"href":"https:\/\/jm-metropole.com.br\/site\/wp-json\/wp\/v2\/posts"}],"about":[{"href":"https:\/\/jm-metropole.com.br\/site\/wp-json\/wp\/v2\/types\/post"}],"author":[{"embeddable":true,"href":"https:\/\/jm-metropole.com.br\/site\/wp-json\/wp\/v2\/users\/1"}],"replies":[{"embeddable":true,"href":"https:\/\/jm-metropole.com.br\/site\/wp-json\/wp\/v2\/comments?post=11123"}],"version-history":[{"count":1,"href":"https:\/\/jm-metropole.com.br\/site\/wp-json\/wp\/v2\/posts\/11123\/revisions"}],"predecessor-version":[{"id":11125,"href":"https:\/\/jm-metropole.com.br\/site\/wp-json\/wp\/v2\/posts\/11123\/revisions\/11125"}],"wp:featuredmedia":[{"embeddable":true,"href":"https:\/\/jm-metropole.com.br\/site\/wp-json\/wp\/v2\/media\/11124"}],"wp:attachment":[{"href":"https:\/\/jm-metropole.com.br\/site\/wp-json\/wp\/v2\/media?parent=11123"}],"wp:term":[{"taxonomy":"category","embeddable":true,"href":"https:\/\/jm-metropole.com.br\/site\/wp-json\/wp\/v2\/categories?post=11123"},{"taxonomy":"post_tag","embeddable":true,"href":"https:\/\/jm-metropole.com.br\/site\/wp-json\/wp\/v2\/tags?post=11123"}],"curies":[{"name":"wp","href":"https:\/\/api.w.org\/{rel}","templated":true}]}}