{"id":11117,"date":"2023-07-21T08:18:09","date_gmt":"2023-07-21T11:18:09","guid":{"rendered":"https:\/\/jm-metropole.com.br\/site\/?p=11117"},"modified":"2023-07-21T08:18:09","modified_gmt":"2023-07-21T11:18:09","slug":"favoritas-selecoes-dos-eua-e-espanha-estreiam-nesta-sexta-no-mundial","status":"publish","type":"post","link":"https:\/\/jm-metropole.com.br\/site\/favoritas-selecoes-dos-eua-e-espanha-estreiam-nesta-sexta-no-mundial\/","title":{"rendered":"Favoritas, sele\u00e7\u00f5es dos EUA e Espanha estreiam nesta sexta no Mundial"},"content":{"rendered":"<h3 class=\"col-10 offset-1 animated fadeInDown dealy-900 display-8 display-md-8 alt-font font-italic my-1 text-center\">Segundo dia de competi\u00e7\u00e3o come\u00e7a \u00e0s 2h com Finl\u00e2ndia x Su\u00ed\u00e7a<\/h3>\n<p>O segundo dia da Copa Feminina de Futebol\u00a0tem in\u00edcio a partir das 2h (hor\u00e1rio de Bras\u00edlia) de sexta-feira (21) com o confronto entre Finl\u00e2ndia e Sui\u00e7a, pelo Grupo A , no Dunedin Stadium, na Nova Zel\u00e2ndia, com capacidade para mais de 30 mil torcedores. A grande expectativa, no entanto, \u00e9 pela estreia das sele\u00e7\u00f5es da\u00a0Espanha e dos Estados Unidos, consideradas duas das favoritas ao\u00a0t\u00edtulo. As espanholas estrearam em Mundiais apenas em 2015, e na\u00a0\u00faltima edi\u00e7\u00e3o, em 2019, foram eliminadas nas oitavas de final pelas norte-americanas,\u00a0que depois conquistariam o tetracampeonato.\u00a0<img decoding=\"async\" src=\"https:\/\/agenciabrasil.ebc.com.br\/ebc.png?id=1544796&amp;o=node\" \/><img decoding=\"async\" src=\"https:\/\/agenciabrasil.ebc.com.br\/ebc.gif?id=1544796&amp;o=node\" \/><\/p>\n<p>A Espanha, da meia-atacante Alexia Putellas, bicampe\u00e3 do\u00a0Bola de Ouro (premia\u00e7\u00e3o\u00a0da revista France Football)\u00a0entra em campo \u00e0s 4h30 contra a Costa Rica, pelo Grupo C (que tem ainda Jap\u00e3o e Z\u00e2mbia). O jogo ser\u00e1 no\u00a0Wellington Regional Stadium, na capital da\u00a0Nova Zel\u00e2ndia.<\/p>\n<p>Principal estrela da equipe, Putellas ainda \u00e9 d\u00favida para a estreia. A jogadora voltou a treinar em mar\u00e7o deste ano, ap\u00f3s ficar afastada dos gramados por oito meses, em\u00a0recupera\u00e7\u00e3o de uma les\u00e3o no ligamento do joelho esquerdo.<\/p>\n<p>&#8220;Todas as jogadoras est\u00e3o dispon\u00edveis para amanh\u00e3&#8221;, afirmou o\u00a0t\u00e9cnico\u00a0Jorge Vilda, em coletiva de imprensa nesta quinta (20).\u00a0&#8220;No caso de Alexia, \u00e9 otimizar todos os treinos para t\u00ea-la\u00a0conosco. Somos muito cuidadosos com tudo o que fazemos&#8221;.<\/p>\n<p>Fechando a sexta (21), a sele\u00e7\u00e3o norte-americana, l\u00edder do ranking mundial da Fifa, encara o estreante Vietn\u00e3 (32\u00ba). O confronto, pelo Grupo E ((Holanda e Portugal completam a chave) tem in\u00edcio \u00e0s\u00a022h\u00a0no est\u00e1dio Eden Park, em Auckland (Nova Zel\u00e2ndia), onde ocorreu a abertura do Mundial.<\/p>\n<p>&#8220;Temos que passar por este jogo antes de pensar em falar sobre o segundo jogo&#8221;, disse a defensora Crystal Dunn durante coletiva.\u00a0&#8220;N\u00e3o jogamos contra o Vietn\u00e3, \u00e9 um time do qual temos algumas imagens, mas obviamente nunca jogamos contra elas, mas acho que far\u00e3o seu melhor jogo e sabemos disso&#8221;, concluiu.<\/p>\n<p>*Com informa\u00e7\u00f5es de Ag\u00eancia Brasil<\/p>\n","protected":false},"excerpt":{"rendered":"<p>Segundo dia de competi\u00e7\u00e3o come\u00e7a \u00e0s 2h com Finl\u00e2ndia x Su\u00ed\u00e7a O segundo dia da Copa Feminina de Futebol\u00a0tem in\u00edcio a partir das 2h (hor\u00e1rio de Bras\u00edlia) de sexta-feira (21) com o confronto entre Finl\u00e2ndia e Sui\u00e7a, pelo Grupo A , no Dunedin Stadium, na Nova Zel\u00e2ndia, com capacidade para mais de 30 mil torcedores. [&hellip;]<\/p>\n","protected":false},"author":1,"featured_media":11118,"comment_status":"open","ping_status":"open","sticky":false,"template":"","format":"standard","meta":{"footnotes":""},"categories":[12],"tags":[],"class_list":{"0":"post-11117","1":"post","2":"type-post","3":"status-publish","4":"format-standard","5":"has-post-thumbnail","7":"category-esporte"},"_links":{"self":[{"href":"https:\/\/jm-metropole.com.br\/site\/wp-json\/wp\/v2\/posts\/11117","targetHints":{"allow":["GET"]}}],"collection":[{"href":"https:\/\/jm-metropole.com.br\/site\/wp-json\/wp\/v2\/posts"}],"about":[{"href":"https:\/\/jm-metropole.com.br\/site\/wp-json\/wp\/v2\/types\/post"}],"author":[{"embeddable":true,"href":"https:\/\/jm-metropole.com.br\/site\/wp-json\/wp\/v2\/users\/1"}],"replies":[{"embeddable":true,"href":"https:\/\/jm-metropole.com.br\/site\/wp-json\/wp\/v2\/comments?post=11117"}],"version-history":[{"count":1,"href":"https:\/\/jm-metropole.com.br\/site\/wp-json\/wp\/v2\/posts\/11117\/revisions"}],"predecessor-version":[{"id":11119,"href":"https:\/\/jm-metropole.com.br\/site\/wp-json\/wp\/v2\/posts\/11117\/revisions\/11119"}],"wp:featuredmedia":[{"embeddable":true,"href":"https:\/\/jm-metropole.com.br\/site\/wp-json\/wp\/v2\/media\/11118"}],"wp:attachment":[{"href":"https:\/\/jm-metropole.com.br\/site\/wp-json\/wp\/v2\/media?parent=11117"}],"wp:term":[{"taxonomy":"category","embeddable":true,"href":"https:\/\/jm-metropole.com.br\/site\/wp-json\/wp\/v2\/categories?post=11117"},{"taxonomy":"post_tag","embeddable":true,"href":"https:\/\/jm-metropole.com.br\/site\/wp-json\/wp\/v2\/tags?post=11117"}],"curies":[{"name":"wp","href":"https:\/\/api.w.org\/{rel}","templated":true}]}}