{"id":10993,"date":"2023-07-17T16:00:39","date_gmt":"2023-07-17T19:00:39","guid":{"rendered":"https:\/\/jm-metropole.com.br\/site\/?p=10993"},"modified":"2023-07-17T16:02:47","modified_gmt":"2023-07-17T19:02:47","slug":"pf-apreende-grande-quantidade-de-maconha-e-armas-no-parana","status":"publish","type":"post","link":"https:\/\/jm-metropole.com.br\/site\/pf-apreende-grande-quantidade-de-maconha-e-armas-no-parana\/","title":{"rendered":"PF apreende grande quantidade de maconha e armas no Paran\u00e1"},"content":{"rendered":"<h3 class=\"col-10 offset-1 animated fadeInDown dealy-900 display-8 display-md-8 alt-font font-italic my-1 text-center\">Abordagem foi realizada na BR-369, no munic\u00edpio de Camb\u00e9<\/h3>\n<p>Mais de 2 toneladas de maconha, sete fuzis e 75 pistolas apreendidas \u00e9 o resultado de uma opera\u00e7\u00e3o conjunta da Pol\u00edcia Federal (PF), Receita Federal e Pol\u00edcia Militar do Paran\u00e1, realizada na noite desse domingo (16), ap\u00f3s abordagem na BR-369 de um caminh\u00e3o que estaria transportando uma carga de su\u00ednos, no munic\u00edpio paranaense de Camb\u00e9.<img decoding=\"async\" src=\"https:\/\/agenciabrasil.ebc.com.br\/ebc.png?id=1544173&amp;o=node\" \/><img decoding=\"async\" src=\"https:\/\/agenciabrasil.ebc.com.br\/ebc.gif?id=1544173&amp;o=node\" \/><\/p>\n<p>Segundo a PF, a investiga\u00e7\u00e3o apurou que a droga e as armas de fabrica\u00e7\u00e3o estrangeiras entraram ilegalmente no pa\u00eds oriundas do Paraguai. O trabalho policial vai continuar para identificar os demais respons\u00e1veis pela carga il\u00edcita.<\/p>\n<p>O motorista do ve\u00edculo, com antecedentes criminais de amea\u00e7a e viol\u00eancia dom\u00e9stica, foi preso e encaminhado \u00e0 Delegacia da Pol\u00edcia Federal em Londrina. Ele \u00e9 da cidade de Medianeira, no Paran\u00e1.<\/p>\n<p>*Com informa\u00e7\u00f5es de Ag\u00eancia Brasil<\/p>\n","protected":false},"excerpt":{"rendered":"<p>Abordagem foi realizada na BR-369, no munic\u00edpio de Camb\u00e9 Mais de 2 toneladas de maconha, sete fuzis e 75 pistolas apreendidas \u00e9 o resultado de uma opera\u00e7\u00e3o conjunta da Pol\u00edcia Federal (PF), Receita Federal e Pol\u00edcia Militar do Paran\u00e1, realizada na noite desse domingo (16), ap\u00f3s abordagem na BR-369 de um caminh\u00e3o que estaria transportando [&hellip;]<\/p>\n","protected":false},"author":1,"featured_media":10994,"comment_status":"open","ping_status":"open","sticky":false,"template":"","format":"standard","meta":{"footnotes":""},"categories":[16],"tags":[],"class_list":{"0":"post-10993","1":"post","2":"type-post","3":"status-publish","4":"format-standard","5":"has-post-thumbnail","7":"category-seguranca"},"_links":{"self":[{"href":"https:\/\/jm-metropole.com.br\/site\/wp-json\/wp\/v2\/posts\/10993","targetHints":{"allow":["GET"]}}],"collection":[{"href":"https:\/\/jm-metropole.com.br\/site\/wp-json\/wp\/v2\/posts"}],"about":[{"href":"https:\/\/jm-metropole.com.br\/site\/wp-json\/wp\/v2\/types\/post"}],"author":[{"embeddable":true,"href":"https:\/\/jm-metropole.com.br\/site\/wp-json\/wp\/v2\/users\/1"}],"replies":[{"embeddable":true,"href":"https:\/\/jm-metropole.com.br\/site\/wp-json\/wp\/v2\/comments?post=10993"}],"version-history":[{"count":1,"href":"https:\/\/jm-metropole.com.br\/site\/wp-json\/wp\/v2\/posts\/10993\/revisions"}],"predecessor-version":[{"id":10995,"href":"https:\/\/jm-metropole.com.br\/site\/wp-json\/wp\/v2\/posts\/10993\/revisions\/10995"}],"wp:featuredmedia":[{"embeddable":true,"href":"https:\/\/jm-metropole.com.br\/site\/wp-json\/wp\/v2\/media\/10994"}],"wp:attachment":[{"href":"https:\/\/jm-metropole.com.br\/site\/wp-json\/wp\/v2\/media?parent=10993"}],"wp:term":[{"taxonomy":"category","embeddable":true,"href":"https:\/\/jm-metropole.com.br\/site\/wp-json\/wp\/v2\/categories?post=10993"},{"taxonomy":"post_tag","embeddable":true,"href":"https:\/\/jm-metropole.com.br\/site\/wp-json\/wp\/v2\/tags?post=10993"}],"curies":[{"name":"wp","href":"https:\/\/api.w.org\/{rel}","templated":true}]}}