{"id":10987,"date":"2023-07-17T14:23:39","date_gmt":"2023-07-17T17:23:39","guid":{"rendered":"https:\/\/jm-metropole.com.br\/site\/?p=10987"},"modified":"2023-07-17T14:23:39","modified_gmt":"2023-07-17T17:23:39","slug":"sao-paulo-e-flamengo-decidem-em-casa-as-semifinais-da-copa-do-brasil","status":"publish","type":"post","link":"https:\/\/jm-metropole.com.br\/site\/sao-paulo-e-flamengo-decidem-em-casa-as-semifinais-da-copa-do-brasil\/","title":{"rendered":"S\u00e3o Paulo e Flamengo decidem em casa as semifinais da Copa do Brasil"},"content":{"rendered":"<h3 class=\"col-10 offset-1 animated fadeInDown dealy-900 display-8 display-md-8 alt-font font-italic my-1 text-center\">Corinthians encara Tricolor, e Gr\u00eamio o Rubro-Negro no dia 26 de julho<\/h3>\n<p>A CBF sorteou nesta segunda-feira (17), no Rio de Janeiro, os mandos de campo das semifinais da Copa do Brasil. O Corinthians recebe o S\u00e3o Paulo, e o Gr\u00eamio encara o Flamengo nos jogos de ida no dia 26 de julho (uma quarta-feira). \u00a0Os confrontos da volta est\u00e3o previstos para\u00a016 de agosto, com S\u00e3o Paulo e Flamengo decidindo a vaga no Morumbi e no Maracan\u00e3, respectivamente.<img decoding=\"async\" src=\"https:\/\/agenciabrasil.ebc.com.br\/ebc.png?id=1544186&amp;o=node\" \/><img decoding=\"async\" src=\"https:\/\/agenciabrasil.ebc.com.br\/ebc.gif?id=1544186&amp;o=node\" \/><\/p>\n<p>Quem avan\u00e7ar garante no m\u00ednimo a premia\u00e7\u00e3o R$ 30 milh\u00f5es, valor a ser concedido pela CBF ao vice-campe\u00e3o da Copa do Brasil. J\u00e1 o clube que conquistar o t\u00edtulo de 2023, al\u00e9m do trof\u00e9u, ser\u00e1 contemplado com R$ 70 milh\u00f5es.<\/p>\n<p>O Tim\u00e3o assegurou -presen\u00e7a na semi ao superar o Am\u00e9rica-MG nos p\u00eanaltis. J\u00e1 o rival S\u00e3o Paulo se classificou ao eliminar o Palmeiras nas quartas. Na outra chave, o atual campe\u00e3o Flamengo derrotou o Athletico-PR na Arena da Baixada e o Gr\u00eamio bateu o Bahia nos p\u00eanaltis, ap\u00f3s dois\u00a0 empates consecutivos.<\/p>\n<p>*Com informa\u00e7\u00f5es de Ag\u00eancia Brasil<\/p>\n","protected":false},"excerpt":{"rendered":"<p>Corinthians encara Tricolor, e Gr\u00eamio o Rubro-Negro no dia 26 de julho A CBF sorteou nesta segunda-feira (17), no Rio de Janeiro, os mandos de campo das semifinais da Copa do Brasil. O Corinthians recebe o S\u00e3o Paulo, e o Gr\u00eamio encara o Flamengo nos jogos de ida no dia 26 de julho (uma quarta-feira). [&hellip;]<\/p>\n","protected":false},"author":1,"featured_media":10988,"comment_status":"open","ping_status":"open","sticky":false,"template":"","format":"standard","meta":{"footnotes":""},"categories":[12],"tags":[],"class_list":{"0":"post-10987","1":"post","2":"type-post","3":"status-publish","4":"format-standard","5":"has-post-thumbnail","7":"category-esporte"},"_links":{"self":[{"href":"https:\/\/jm-metropole.com.br\/site\/wp-json\/wp\/v2\/posts\/10987","targetHints":{"allow":["GET"]}}],"collection":[{"href":"https:\/\/jm-metropole.com.br\/site\/wp-json\/wp\/v2\/posts"}],"about":[{"href":"https:\/\/jm-metropole.com.br\/site\/wp-json\/wp\/v2\/types\/post"}],"author":[{"embeddable":true,"href":"https:\/\/jm-metropole.com.br\/site\/wp-json\/wp\/v2\/users\/1"}],"replies":[{"embeddable":true,"href":"https:\/\/jm-metropole.com.br\/site\/wp-json\/wp\/v2\/comments?post=10987"}],"version-history":[{"count":1,"href":"https:\/\/jm-metropole.com.br\/site\/wp-json\/wp\/v2\/posts\/10987\/revisions"}],"predecessor-version":[{"id":10989,"href":"https:\/\/jm-metropole.com.br\/site\/wp-json\/wp\/v2\/posts\/10987\/revisions\/10989"}],"wp:featuredmedia":[{"embeddable":true,"href":"https:\/\/jm-metropole.com.br\/site\/wp-json\/wp\/v2\/media\/10988"}],"wp:attachment":[{"href":"https:\/\/jm-metropole.com.br\/site\/wp-json\/wp\/v2\/media?parent=10987"}],"wp:term":[{"taxonomy":"category","embeddable":true,"href":"https:\/\/jm-metropole.com.br\/site\/wp-json\/wp\/v2\/categories?post=10987"},{"taxonomy":"post_tag","embeddable":true,"href":"https:\/\/jm-metropole.com.br\/site\/wp-json\/wp\/v2\/tags?post=10987"}],"curies":[{"name":"wp","href":"https:\/\/api.w.org\/{rel}","templated":true}]}}