{"id":10975,"date":"2023-07-17T12:46:05","date_gmt":"2023-07-17T15:46:05","guid":{"rendered":"https:\/\/jm-metropole.com.br\/site\/?p=10975"},"modified":"2023-07-17T12:46:05","modified_gmt":"2023-07-17T15:46:05","slug":"conferencia-municipal-de-assistencia-social-de-aruja-fortalece-participacao-da-sociedade-civil","status":"publish","type":"post","link":"https:\/\/jm-metropole.com.br\/site\/conferencia-municipal-de-assistencia-social-de-aruja-fortalece-participacao-da-sociedade-civil\/","title":{"rendered":"CONFER\u00caNCIA MUNICIPAL DE ASSIST\u00caNCIA SOCIAL DE ARUJ\u00c1 FORTALECE PARTICIPA\u00c7\u00c3O DA SOCIEDADE CIVIL"},"content":{"rendered":"<p>Realizado na C\u00e2mara Municipal, evento debateu melhorias no SUAS, elegendo aspectos priorit\u00e1rios para aperfei\u00e7oar o setor, como a cria\u00e7\u00e3o de programas de transfer\u00eancia de renda<\/p>\n<p>A cria\u00e7\u00e3o de programas de transfer\u00eancia de renda, o fortalecimento da participa\u00e7\u00e3o da sociedade civil e maior transpar\u00eancia quanto \u00e0 periodicidade de pagamentos de benef\u00edcios estaduais e federais, al\u00e9m de devolutivas das propostas apresentadas, figuraram entre os principais itens aprovados na 13\u00aa Confer\u00eancia Municipal de Assist\u00eancia Social de Aruj\u00e1. Este balan\u00e7o decorre do segundo dia da programa\u00e7\u00e3o (14), quando foram debatidos os cinco eixos trabalhados durante as pr\u00e9-confer\u00eancias por setores da rede socioassistencial do Munic\u00edpio.<\/p>\n<p>Realizada nos dias 13 e 14 de julho, na C\u00e2mara Municipal, o evento reuniu representantes da sociedade civil, gestores e trabalhadores da rede socioassistencial de Aruj\u00e1 para discutir propostas de aprimoramento do Sistema \u00danico de Assist\u00eancia Social (SUAS) e avaliar os servi\u00e7os executados. Com o tema &#8220;Reconstru\u00e7\u00e3o do SUAS: O SUAS que temos e o SUAS que queremos&#8221;, o evento promovido pelo Conselho Municipal de Assist\u00eancia Social de Aruj\u00e1 (CMASA) em parceria com a Prefeitura e C\u00e2mara Municipal, teve uma programa\u00e7\u00e3o diversificada e objetivos claros.<\/p>\n<p>Durante a programa\u00e7\u00e3o do dia 13, foram realizadas apresenta\u00e7\u00f5es sobre a rede socioassistencial de Aruj\u00e1, abordando os programas, unidades e benef\u00edcios dispon\u00edveis para a popula\u00e7\u00e3o. A secret\u00e1ria-adjunta de Assist\u00eancia Social, Juliana Daniel, forneceu informa\u00e7\u00f5es valiosas sobre as iniciativas desenvolvidas no \u00e2mbito da Pasta. Em seguida, Gabriela de Mello, secret\u00e1ria-adjunta da Secretaria Municipal de Assist\u00eancia e Desenvolvimento Social de Biritiba Mirim, ministrou uma palestra introdut\u00f3ria sobre o tema central da confer\u00eancia, destacando os desafios enfrentados pelos funcion\u00e1rios e usu\u00e1rios da assist\u00eancia social, observando que essa \u00e1rea n\u00e3o se trata de caridade, mas sim de um direito de toda a popula\u00e7\u00e3o.<\/p>\n<p>Ao final do segundo dia, foram eleitos os delegados que representar\u00e3o a Cidade em inst\u00e2ncias superiores na discuss\u00e3o de pol\u00edticas sociais. Cristiana Miranda Pereira, J\u00e9ssica Maria de Ara\u00fajo e Danila de Jesus foram os delegados escolhidos para levar as propostas discutidas durante a confer\u00eancia aos governos Estadual e Federal.<\/p>\n<p>A confer\u00eancia contou com a presen\u00e7a de autoridades, como o prefeito de Aruj\u00e1, Luis Camargo, o Dr. Camargo; a secret\u00e1ria municipal de Assist\u00eancia Social, Marina Bernardo; o presidente do CMAS, Ad\u00e3o Vagner; o vereador Lu\u00eds Fernando, representando a C\u00e2mara Municipal; e membros de ONGs e da sociedade civil.<\/p>\n","protected":false},"excerpt":{"rendered":"<p>Realizado na C\u00e2mara Municipal, evento debateu melhorias no SUAS, elegendo aspectos priorit\u00e1rios para aperfei\u00e7oar o setor, como a cria\u00e7\u00e3o de programas de transfer\u00eancia de renda A cria\u00e7\u00e3o de programas de transfer\u00eancia de renda, o fortalecimento da participa\u00e7\u00e3o da sociedade civil e maior transpar\u00eancia quanto \u00e0 periodicidade de pagamentos de benef\u00edcios estaduais e federais, al\u00e9m de [&hellip;]<\/p>\n","protected":false},"author":1,"featured_media":10976,"comment_status":"open","ping_status":"open","sticky":false,"template":"","format":"standard","meta":{"footnotes":""},"categories":[4],"tags":[],"class_list":{"0":"post-10975","1":"post","2":"type-post","3":"status-publish","4":"format-standard","5":"has-post-thumbnail","7":"category-aruja"},"_links":{"self":[{"href":"https:\/\/jm-metropole.com.br\/site\/wp-json\/wp\/v2\/posts\/10975","targetHints":{"allow":["GET"]}}],"collection":[{"href":"https:\/\/jm-metropole.com.br\/site\/wp-json\/wp\/v2\/posts"}],"about":[{"href":"https:\/\/jm-metropole.com.br\/site\/wp-json\/wp\/v2\/types\/post"}],"author":[{"embeddable":true,"href":"https:\/\/jm-metropole.com.br\/site\/wp-json\/wp\/v2\/users\/1"}],"replies":[{"embeddable":true,"href":"https:\/\/jm-metropole.com.br\/site\/wp-json\/wp\/v2\/comments?post=10975"}],"version-history":[{"count":1,"href":"https:\/\/jm-metropole.com.br\/site\/wp-json\/wp\/v2\/posts\/10975\/revisions"}],"predecessor-version":[{"id":10977,"href":"https:\/\/jm-metropole.com.br\/site\/wp-json\/wp\/v2\/posts\/10975\/revisions\/10977"}],"wp:featuredmedia":[{"embeddable":true,"href":"https:\/\/jm-metropole.com.br\/site\/wp-json\/wp\/v2\/media\/10976"}],"wp:attachment":[{"href":"https:\/\/jm-metropole.com.br\/site\/wp-json\/wp\/v2\/media?parent=10975"}],"wp:term":[{"taxonomy":"category","embeddable":true,"href":"https:\/\/jm-metropole.com.br\/site\/wp-json\/wp\/v2\/categories?post=10975"},{"taxonomy":"post_tag","embeddable":true,"href":"https:\/\/jm-metropole.com.br\/site\/wp-json\/wp\/v2\/tags?post=10975"}],"curies":[{"name":"wp","href":"https:\/\/api.w.org\/{rel}","templated":true}]}}