{"id":10972,"date":"2023-07-17T11:13:40","date_gmt":"2023-07-17T14:13:40","guid":{"rendered":"https:\/\/jm-metropole.com.br\/site\/?p=10972"},"modified":"2023-07-17T11:13:40","modified_gmt":"2023-07-17T14:13:40","slug":"educacao-de-guararema-promove-aulas-passeio-na-estacao-literaria","status":"publish","type":"post","link":"https:\/\/jm-metropole.com.br\/site\/educacao-de-guararema-promove-aulas-passeio-na-estacao-literaria\/","title":{"rendered":"Educa\u00e7\u00e3o de Guararema promove aulas-passeio na Esta\u00e7\u00e3o Liter\u00e1ria"},"content":{"rendered":"<p>Projeto que proporciona atividades l\u00fadicas e educativas aos alunos acaba de concluir as atividades do 1\u00ba semestre letivo<\/p>\n<p>Em parceria com a Secretaria Municipal de Cultura e Turismo, a Educa\u00e7\u00e3o de Guararema proporciona aulas-passeio na Esta\u00e7\u00e3o Liter\u00e1ria \u201cProfessora Maria de Lourdes \u00c9vora Camargo\u201d. \u00c9 o Projeto \u201cEmbarcando na Esta\u00e7\u00e3o\u201d, que visa promover o desenvolvimento integral dos alunos e que acaba de concluir as atividades do 1\u00ba semestre letivo.<\/p>\n<p>Entre abril e o come\u00e7o de julho, os alunos da Educa\u00e7\u00e3o Infantil (Jardim I) e Fundamental (1\u00ba, 4\u00ba e 5\u00ba anos) visitaram o espa\u00e7o, cuja equipe de trabalho tem como objetivo \u201cfomentar o h\u00e1bito de frequ\u00eancia a ambientes de cultura e o incentivo \u00e0 leitura\u201d, detalha a secret\u00e1ria municipal de Educa\u00e7\u00e3o, Clara Assump\u00e7\u00e3o Eroles Freire Nunes.<\/p>\n<p>\u201cConhecer melhor os equipamentos que temos em nossa cidade e fomentar a leitura e cultura s\u00e3o pontos fundamentais para uma boa educa\u00e7\u00e3o. Por isso estas a\u00e7\u00f5es colaboram para o desenvolvimento de compet\u00eancias e habilidades que aprimoram as rela\u00e7\u00f5es de ensino e aprendizagem\u201d, continua ela.<\/p>\n<p>Al\u00e9m de interagirem com o vasto acervo liter\u00e1rio e serem incentivadas a participar de experi\u00eancias imersivas, como a leitura em braile, as crian\u00e7as t\u00eam acesso a a\u00e7\u00f5es interativas e tem\u00e1ticas, a exemplo de atividades com os personagens do S\u00edtio do Picapau Amarelo.<\/p>\n<p>Em uma das din\u00e2micas, os participantes se re\u00fanem para um teste acerca dos conhecimentos sobre as hist\u00f3rias vividas por Narizinho, Pedrinho, Em\u00edlia, Tia Nast\u00e1cia, Tio Barnab\u00e9, Dona Benta, Visconde de Sabugosa e tantos outros \u00edcones criados por Monteiro Lobato.<\/p>\n<p>A partir de uma frase que re\u00fane as principais caracter\u00edsticas de um destes nomes, os alunos tentam adivinhar sobre quem os educadores est\u00e3o falando e v\u00e3o marcando os acertos em uma tabela interativa.<\/p>\n<p>Essas e outras brincadeiras l\u00fadicas e educativas acontecem semanalmente durante as visitas, que s\u00e3o realizadas de ter\u00e7a a sexta-feira, durante o hor\u00e1rio das aulas.<\/p>\n<p>Ap\u00f3s o recesso escolar, o projeto ser\u00e1 retomado j\u00e1 na primeira semana de agosto, quando as pr\u00f3ximas turmas a participar do Projeto \u201cEmbarcando na Esta\u00e7\u00e3o\u201d ser\u00e3o os 2\u00b0 anos do Ensino Fundamental.<\/p>\n","protected":false},"excerpt":{"rendered":"<p>Projeto que proporciona atividades l\u00fadicas e educativas aos alunos acaba de concluir as atividades do 1\u00ba semestre letivo Em parceria com a Secretaria Municipal de Cultura e Turismo, a Educa\u00e7\u00e3o de Guararema proporciona aulas-passeio na Esta\u00e7\u00e3o Liter\u00e1ria \u201cProfessora Maria de Lourdes \u00c9vora Camargo\u201d. \u00c9 o Projeto \u201cEmbarcando na Esta\u00e7\u00e3o\u201d, que visa promover o desenvolvimento integral [&hellip;]<\/p>\n","protected":false},"author":1,"featured_media":10973,"comment_status":"open","ping_status":"open","sticky":false,"template":"","format":"standard","meta":{"footnotes":""},"categories":[8],"tags":[],"class_list":{"0":"post-10972","1":"post","2":"type-post","3":"status-publish","4":"format-standard","5":"has-post-thumbnail","7":"category-guararema"},"_links":{"self":[{"href":"https:\/\/jm-metropole.com.br\/site\/wp-json\/wp\/v2\/posts\/10972","targetHints":{"allow":["GET"]}}],"collection":[{"href":"https:\/\/jm-metropole.com.br\/site\/wp-json\/wp\/v2\/posts"}],"about":[{"href":"https:\/\/jm-metropole.com.br\/site\/wp-json\/wp\/v2\/types\/post"}],"author":[{"embeddable":true,"href":"https:\/\/jm-metropole.com.br\/site\/wp-json\/wp\/v2\/users\/1"}],"replies":[{"embeddable":true,"href":"https:\/\/jm-metropole.com.br\/site\/wp-json\/wp\/v2\/comments?post=10972"}],"version-history":[{"count":1,"href":"https:\/\/jm-metropole.com.br\/site\/wp-json\/wp\/v2\/posts\/10972\/revisions"}],"predecessor-version":[{"id":10974,"href":"https:\/\/jm-metropole.com.br\/site\/wp-json\/wp\/v2\/posts\/10972\/revisions\/10974"}],"wp:featuredmedia":[{"embeddable":true,"href":"https:\/\/jm-metropole.com.br\/site\/wp-json\/wp\/v2\/media\/10973"}],"wp:attachment":[{"href":"https:\/\/jm-metropole.com.br\/site\/wp-json\/wp\/v2\/media?parent=10972"}],"wp:term":[{"taxonomy":"category","embeddable":true,"href":"https:\/\/jm-metropole.com.br\/site\/wp-json\/wp\/v2\/categories?post=10972"},{"taxonomy":"post_tag","embeddable":true,"href":"https:\/\/jm-metropole.com.br\/site\/wp-json\/wp\/v2\/tags?post=10972"}],"curies":[{"name":"wp","href":"https:\/\/api.w.org\/{rel}","templated":true}]}}