{"id":10966,"date":"2023-07-17T11:09:53","date_gmt":"2023-07-17T14:09:53","guid":{"rendered":"https:\/\/jm-metropole.com.br\/site\/?p=10966"},"modified":"2023-07-17T11:09:53","modified_gmt":"2023-07-17T14:09:53","slug":"itaqua-oferece-50-bolsas-para-curso-de-assistente-administrativo-em-parceria-com-o-senac","status":"publish","type":"post","link":"https:\/\/jm-metropole.com.br\/site\/itaqua-oferece-50-bolsas-para-curso-de-assistente-administrativo-em-parceria-com-o-senac\/","title":{"rendered":"Itaqu\u00e1 oferece 50 bolsas para curso de assistente administrativo em parceria com o Senac"},"content":{"rendered":"<p>Inscri\u00e7\u00f5es devem ser feitas na sede da Secretaria de Desenvolvimento Econ\u00f4mico at\u00e9 o dia 28 de julho<\/p>\n<p>A Secretaria de Desenvolvimento Econ\u00f4mico de Itaquaquecetuba est\u00e1 com inscri\u00e7\u00f5es abertas para o curso de auxiliar administrativo. S\u00e3o 50 vagas, as aulas ser\u00e3o oferecidas em parceria com o Servi\u00e7o Nacional de Aprendizagem Comercial (Senac) e as inscri\u00e7\u00f5es devem ser feitas presencialmente, na sede da pasta, localizada na rua Dom Tom\u00e1s Frei, 89 \u2013 Centro, das 9h \u00e0s 15h, at\u00e9 o dia 28 de julho.<\/p>\n<p>Para participar \u00e9 necess\u00e1rio ter idade m\u00ednima de 15 anos, ensino fundamental e apresentar o RG e o CPF do aluno e do respons\u00e1vel, se for menor de idade. O p\u00fablico-alvo s\u00e3o pessoas interessadas em desenvolver compet\u00eancias para organizar e executar atividades de apoio em processos de organiza\u00e7\u00e3o, al\u00e9m de elaborar, organizar e controlar documentos.<\/p>\n<p>&#8220;O curso tem carga hor\u00e1ria de 160 horas e vai ocorrer de segunda a sexta-feira, sendo quatro horas por dia. \u00c9 a grande chance para quem ainda est\u00e1 estudando e deseja se capacitar para estar mais preparado para o mercado de trabalho&#8221;, disse o secret\u00e1rio de Desenvolvimento Econ\u00f4mico, Luciano D\u00e1vila.<\/p>\n<p>As aulas ser\u00e3o iniciadas no dia 8 de agosto e vai contar com t\u00e9cnicas aplicadas no dia a dia do profissional administrativo, como o apoio aos gestores de empresas, o cuidado com assuntos operacionais e burocr\u00e1ticos, envio, recebimento e armazenamento de documentos e correspond\u00eancias.<\/p>\n<p>&#8220;Qualquer empresa que trata de documentos, burocracias e \u00e9 bem organizada precisa de um auxiliar administrativo. Ent\u00e3o \u00e9 um mercado muito amplo que pode virar fonte de renda para nossos jovens. Aproveitem a oportunidade e conte com a nossa Secretaria de Desenvolvimento Econ\u00f4mico&#8221;, destacou o prefeito Eduardo Boigues.<\/p>\n<p>Foto: Dayane Oliveira<\/p>\n","protected":false},"excerpt":{"rendered":"<p>Inscri\u00e7\u00f5es devem ser feitas na sede da Secretaria de Desenvolvimento Econ\u00f4mico at\u00e9 o dia 28 de julho A Secretaria de Desenvolvimento Econ\u00f4mico de Itaquaquecetuba est\u00e1 com inscri\u00e7\u00f5es abertas para o curso de auxiliar administrativo. S\u00e3o 50 vagas, as aulas ser\u00e3o oferecidas em parceria com o Servi\u00e7o Nacional de Aprendizagem Comercial (Senac) e as inscri\u00e7\u00f5es devem [&hellip;]<\/p>\n","protected":false},"author":1,"featured_media":10967,"comment_status":"open","ping_status":"open","sticky":false,"template":"","format":"standard","meta":{"footnotes":""},"categories":[6],"tags":[],"class_list":{"0":"post-10966","1":"post","2":"type-post","3":"status-publish","4":"format-standard","5":"has-post-thumbnail","7":"category-itaqua"},"_links":{"self":[{"href":"https:\/\/jm-metropole.com.br\/site\/wp-json\/wp\/v2\/posts\/10966","targetHints":{"allow":["GET"]}}],"collection":[{"href":"https:\/\/jm-metropole.com.br\/site\/wp-json\/wp\/v2\/posts"}],"about":[{"href":"https:\/\/jm-metropole.com.br\/site\/wp-json\/wp\/v2\/types\/post"}],"author":[{"embeddable":true,"href":"https:\/\/jm-metropole.com.br\/site\/wp-json\/wp\/v2\/users\/1"}],"replies":[{"embeddable":true,"href":"https:\/\/jm-metropole.com.br\/site\/wp-json\/wp\/v2\/comments?post=10966"}],"version-history":[{"count":1,"href":"https:\/\/jm-metropole.com.br\/site\/wp-json\/wp\/v2\/posts\/10966\/revisions"}],"predecessor-version":[{"id":10968,"href":"https:\/\/jm-metropole.com.br\/site\/wp-json\/wp\/v2\/posts\/10966\/revisions\/10968"}],"wp:featuredmedia":[{"embeddable":true,"href":"https:\/\/jm-metropole.com.br\/site\/wp-json\/wp\/v2\/media\/10967"}],"wp:attachment":[{"href":"https:\/\/jm-metropole.com.br\/site\/wp-json\/wp\/v2\/media?parent=10966"}],"wp:term":[{"taxonomy":"category","embeddable":true,"href":"https:\/\/jm-metropole.com.br\/site\/wp-json\/wp\/v2\/categories?post=10966"},{"taxonomy":"post_tag","embeddable":true,"href":"https:\/\/jm-metropole.com.br\/site\/wp-json\/wp\/v2\/tags?post=10966"}],"curies":[{"name":"wp","href":"https:\/\/api.w.org\/{rel}","templated":true}]}}