{"id":10957,"date":"2023-07-17T07:03:15","date_gmt":"2023-07-17T10:03:15","guid":{"rendered":"https:\/\/jm-metropole.com.br\/site\/?p=10957"},"modified":"2023-07-17T07:03:15","modified_gmt":"2023-07-17T10:03:15","slug":"martine-e-kahena-conquistam-a-prata-em-evento-teste-para-paris-2024","status":"publish","type":"post","link":"https:\/\/jm-metropole.com.br\/site\/martine-e-kahena-conquistam-a-prata-em-evento-teste-para-paris-2024\/","title":{"rendered":"Martine e Kahena conquistam a prata em evento-teste para Paris 2024"},"content":{"rendered":"<h3 class=\"col-10 offset-1 animated fadeInDown dealy-900 display-8 display-md-8 alt-font font-italic my-1 text-center\">Bicampe\u00e3s ol\u00edmpicas ficam atr\u00e1s apenas da dupla holandesa na 49erFX<\/h3>\n<p>A dupla bicampe\u00e3 ol\u00edmpica Martine Grael e Kahena Kunze ficou com a sexta\u00a0coloca\u00e7\u00e3o na corrida da medalha no evento-teste de vela para os Jogos Ol\u00edmpicos de Paris. As atletas brasileiras estavam na quarta\u00a0posi\u00e7\u00e3o antes do final de semana.<img decoding=\"async\" src=\"https:\/\/agenciabrasil.ebc.com.br\/ebc.png?id=1544116&amp;o=node\" \/><img decoding=\"async\" src=\"https:\/\/agenciabrasil.ebc.com.br\/ebc.gif?id=1544116&amp;o=node\" \/><\/p>\n<p>No s\u00e1bado (15), foram bem e subiram um posto. Depois, com a posi\u00e7\u00e3o da corrida da medalha, que d\u00e1 pontos em dobro, garantiram a vice-lideran\u00e7a. Dessa forma ficaram atr\u00e1s apenas das holandesas Odile Van Aanholt e Annette Duetz na classe 49erFX.<\/p>\n<p>O bronze foi das suecas Vilma Bobeck e Rebecca Netzler. As regatas ocorreram no Mediterr\u00e2neo, em Marselha, que ser\u00e1 sede da disputa ol\u00edmpica em 2024. O pr\u00f3ximo compromisso das multicampe\u00e3s \u00e9 o Mundial de Haia, nos Pa\u00edses Baixos, de 8 a 20 de agosto.<\/p>\n<p>*Com informa\u00e7\u00f5es de Ag\u00eancia Brasil<\/p>\n","protected":false},"excerpt":{"rendered":"<p>Bicampe\u00e3s ol\u00edmpicas ficam atr\u00e1s apenas da dupla holandesa na 49erFX A dupla bicampe\u00e3 ol\u00edmpica Martine Grael e Kahena Kunze ficou com a sexta\u00a0coloca\u00e7\u00e3o na corrida da medalha no evento-teste de vela para os Jogos Ol\u00edmpicos de Paris. As atletas brasileiras estavam na quarta\u00a0posi\u00e7\u00e3o antes do final de semana. No s\u00e1bado (15), foram bem e subiram [&hellip;]<\/p>\n","protected":false},"author":1,"featured_media":10958,"comment_status":"open","ping_status":"open","sticky":false,"template":"","format":"standard","meta":{"footnotes":""},"categories":[12],"tags":[],"class_list":{"0":"post-10957","1":"post","2":"type-post","3":"status-publish","4":"format-standard","5":"has-post-thumbnail","7":"category-esporte"},"_links":{"self":[{"href":"https:\/\/jm-metropole.com.br\/site\/wp-json\/wp\/v2\/posts\/10957","targetHints":{"allow":["GET"]}}],"collection":[{"href":"https:\/\/jm-metropole.com.br\/site\/wp-json\/wp\/v2\/posts"}],"about":[{"href":"https:\/\/jm-metropole.com.br\/site\/wp-json\/wp\/v2\/types\/post"}],"author":[{"embeddable":true,"href":"https:\/\/jm-metropole.com.br\/site\/wp-json\/wp\/v2\/users\/1"}],"replies":[{"embeddable":true,"href":"https:\/\/jm-metropole.com.br\/site\/wp-json\/wp\/v2\/comments?post=10957"}],"version-history":[{"count":1,"href":"https:\/\/jm-metropole.com.br\/site\/wp-json\/wp\/v2\/posts\/10957\/revisions"}],"predecessor-version":[{"id":10959,"href":"https:\/\/jm-metropole.com.br\/site\/wp-json\/wp\/v2\/posts\/10957\/revisions\/10959"}],"wp:featuredmedia":[{"embeddable":true,"href":"https:\/\/jm-metropole.com.br\/site\/wp-json\/wp\/v2\/media\/10958"}],"wp:attachment":[{"href":"https:\/\/jm-metropole.com.br\/site\/wp-json\/wp\/v2\/media?parent=10957"}],"wp:term":[{"taxonomy":"category","embeddable":true,"href":"https:\/\/jm-metropole.com.br\/site\/wp-json\/wp\/v2\/categories?post=10957"},{"taxonomy":"post_tag","embeddable":true,"href":"https:\/\/jm-metropole.com.br\/site\/wp-json\/wp\/v2\/tags?post=10957"}],"curies":[{"name":"wp","href":"https:\/\/api.w.org\/{rel}","templated":true}]}}