{"id":10943,"date":"2023-07-15T08:56:44","date_gmt":"2023-07-15T11:56:44","guid":{"rendered":"https:\/\/jm-metropole.com.br\/site\/?p=10943"},"modified":"2023-07-15T08:56:44","modified_gmt":"2023-07-15T11:56:44","slug":"prefeitura-abre-inscricoes-para-a-palestra-boas-praticas-na-manipulacao-de-alimentos-2","status":"publish","type":"post","link":"https:\/\/jm-metropole.com.br\/site\/prefeitura-abre-inscricoes-para-a-palestra-boas-praticas-na-manipulacao-de-alimentos-2\/","title":{"rendered":"Prefeitura abre inscri\u00e7\u00f5es para a palestra Boas Pr\u00e1ticas na Manipula\u00e7\u00e3o de Alimentos \u00a0"},"content":{"rendered":"<p>As inscri\u00e7\u00f5es para mais uma palestra Boas Pr\u00e1ticas na Manipula\u00e7\u00e3o de Alimentos j\u00e1 est\u00e3o abertas para todos os mun\u00edcipes interessados em ampliar seus conhecimentos de sa\u00fade e higiene na cozinha. O evento acontece na pr\u00f3xima\u00a0quarta-feira (19), \u00e0s 9h, no audit\u00f3rio da Secretaria da Sa\u00fade, e as inscri\u00e7\u00f5es podem ser realizadas por meio do link bit.ly\/BoasPr\u00e1ticas23. Todos os participantes receber\u00e3o certificado.<\/p>\n<p>O objetivo da forma\u00e7\u00e3o, ministrada por autoridades da Vigil\u00e2ncia Sanit\u00e1ria do munic\u00edpio, \u00e9 reduzir o risco de doen\u00e7as transmitidas por alimentos, causadas, por exemplo, por bact\u00e9rias como a salmonella, devido \u00e0 m\u00e1 higieniza\u00e7\u00e3o ou \u00e0 manipula\u00e7\u00e3o incorreta.<\/p>\n<p>O conte\u00fado program\u00e1tico da palestra inclui temas como escolha dos g\u00eaneros aliment\u00edcios, transporte, recebimento da mat\u00e9ria-prima, armazenamento, preparo e conserva\u00e7\u00e3o do alimento, al\u00e9m de no\u00e7\u00f5es de microbiologia e contamina\u00e7\u00e3o, manejo correto dos res\u00edduos, instala\u00e7\u00f5es f\u00edsicas e equipamentos, bem como a import\u00e2ncia da sa\u00fade e da higiene dos manipuladores de alimentos.<br \/>\nServi\u00e7o<br \/>\nA Secretaria da Sa\u00fade est\u00e1 localizada na rua \u00cdris, 300, Gopo\u00fava.<\/p>\n","protected":false},"excerpt":{"rendered":"<p>As inscri\u00e7\u00f5es para mais uma palestra Boas Pr\u00e1ticas na Manipula\u00e7\u00e3o de Alimentos j\u00e1 est\u00e3o abertas para todos os mun\u00edcipes interessados em ampliar seus conhecimentos de sa\u00fade e higiene na cozinha. O evento acontece na pr\u00f3xima\u00a0quarta-feira (19), \u00e0s 9h, no audit\u00f3rio da Secretaria da Sa\u00fade, e as inscri\u00e7\u00f5es podem ser realizadas por meio do link bit.ly\/BoasPr\u00e1ticas23. [&hellip;]<\/p>\n","protected":false},"author":1,"featured_media":10944,"comment_status":"open","ping_status":"open","sticky":false,"template":"","format":"standard","meta":{"footnotes":""},"categories":[3],"tags":[],"class_list":{"0":"post-10943","1":"post","2":"type-post","3":"status-publish","4":"format-standard","5":"has-post-thumbnail","7":"category-guarulhos"},"_links":{"self":[{"href":"https:\/\/jm-metropole.com.br\/site\/wp-json\/wp\/v2\/posts\/10943","targetHints":{"allow":["GET"]}}],"collection":[{"href":"https:\/\/jm-metropole.com.br\/site\/wp-json\/wp\/v2\/posts"}],"about":[{"href":"https:\/\/jm-metropole.com.br\/site\/wp-json\/wp\/v2\/types\/post"}],"author":[{"embeddable":true,"href":"https:\/\/jm-metropole.com.br\/site\/wp-json\/wp\/v2\/users\/1"}],"replies":[{"embeddable":true,"href":"https:\/\/jm-metropole.com.br\/site\/wp-json\/wp\/v2\/comments?post=10943"}],"version-history":[{"count":1,"href":"https:\/\/jm-metropole.com.br\/site\/wp-json\/wp\/v2\/posts\/10943\/revisions"}],"predecessor-version":[{"id":10945,"href":"https:\/\/jm-metropole.com.br\/site\/wp-json\/wp\/v2\/posts\/10943\/revisions\/10945"}],"wp:featuredmedia":[{"embeddable":true,"href":"https:\/\/jm-metropole.com.br\/site\/wp-json\/wp\/v2\/media\/10944"}],"wp:attachment":[{"href":"https:\/\/jm-metropole.com.br\/site\/wp-json\/wp\/v2\/media?parent=10943"}],"wp:term":[{"taxonomy":"category","embeddable":true,"href":"https:\/\/jm-metropole.com.br\/site\/wp-json\/wp\/v2\/categories?post=10943"},{"taxonomy":"post_tag","embeddable":true,"href":"https:\/\/jm-metropole.com.br\/site\/wp-json\/wp\/v2\/tags?post=10943"}],"curies":[{"name":"wp","href":"https:\/\/api.w.org\/{rel}","templated":true}]}}