{"id":10940,"date":"2023-07-15T08:49:34","date_gmt":"2023-07-15T11:49:34","guid":{"rendered":"https:\/\/jm-metropole.com.br\/site\/?p=10940"},"modified":"2023-07-15T08:49:34","modified_gmt":"2023-07-15T11:49:34","slug":"van-do-cadunico-atendera-no-jardim-bananal-a-partir-de-segunda-feira","status":"publish","type":"post","link":"https:\/\/jm-metropole.com.br\/site\/van-do-cadunico-atendera-no-jardim-bananal-a-partir-de-segunda-feira\/","title":{"rendered":"Van do Cad\u00danico atender\u00e1 no Jardim Bananal a partir de\u00a0segunda-feira"},"content":{"rendered":"<p>O Jardim Bananal receber\u00e1 da pr\u00f3xima segunda-feira (17) at\u00e9\u00a028 de julho\u00a0a Van do Cad\u00danico. O equipamento m\u00f3vel de assist\u00eancia social da Prefeitura de Guarulhos estar\u00e1 estacionado na rua Maria Pereira, 34, e receber\u00e1 a popula\u00e7\u00e3o de\u00a0segunda\u00a0a\u00a0sexta-feira, das 9h \u00e0s 16h.<\/p>\n<p>A iniciativa busca refor\u00e7ar o servi\u00e7o de busca ativa na regi\u00e3o, identificando fam\u00edlias em situa\u00e7\u00e3o de vulnerabilidade social para que elas possam fazer sua inscri\u00e7\u00e3o no Cadastro \u00danico para Programas Sociais (Cad\u00danico) ou atualizar os dados fornecidos anteriormente.<br \/>\nO Cad\u00danico \u00e9 respons\u00e1vel por disponibilizar \u00e0 popula\u00e7\u00e3o benef\u00edcios como Bolsa Fam\u00edlia, Tarifa Social de Energia El\u00e9trica, Carteira do Idoso, BPC-Loas, Viva Leite, ID Jovem e outros.<\/p>\n<p>Atendimento<br \/>\nPara obter atendimento na van os adultos dever\u00e3o apresentar RG, CPF, Certid\u00e3o de Casamento, Carteira de Trabalho f\u00edsica ou digital (CTPS), \u00faltimo holerite (caso tenha registro na carteira), T\u00edtulo Eleitoral e comprovante de endere\u00e7o (de prefer\u00eancia conta de luz), mesmo que n\u00e3o esteja no nome.<\/p>\n<p>J\u00e1 para o registro de crian\u00e7as e adolescentes devem ser apresentados RG, CPF, Certid\u00e3o de Nascimento, o nome da escola e da s\u00e9rie que cursam.<\/p>\n","protected":false},"excerpt":{"rendered":"<p>O Jardim Bananal receber\u00e1 da pr\u00f3xima segunda-feira (17) at\u00e9\u00a028 de julho\u00a0a Van do Cad\u00danico. O equipamento m\u00f3vel de assist\u00eancia social da Prefeitura de Guarulhos estar\u00e1 estacionado na rua Maria Pereira, 34, e receber\u00e1 a popula\u00e7\u00e3o de\u00a0segunda\u00a0a\u00a0sexta-feira, das 9h \u00e0s 16h. A iniciativa busca refor\u00e7ar o servi\u00e7o de busca ativa na regi\u00e3o, identificando fam\u00edlias em situa\u00e7\u00e3o [&hellip;]<\/p>\n","protected":false},"author":1,"featured_media":10941,"comment_status":"open","ping_status":"open","sticky":false,"template":"","format":"standard","meta":{"footnotes":""},"categories":[3],"tags":[],"class_list":{"0":"post-10940","1":"post","2":"type-post","3":"status-publish","4":"format-standard","5":"has-post-thumbnail","7":"category-guarulhos"},"_links":{"self":[{"href":"https:\/\/jm-metropole.com.br\/site\/wp-json\/wp\/v2\/posts\/10940","targetHints":{"allow":["GET"]}}],"collection":[{"href":"https:\/\/jm-metropole.com.br\/site\/wp-json\/wp\/v2\/posts"}],"about":[{"href":"https:\/\/jm-metropole.com.br\/site\/wp-json\/wp\/v2\/types\/post"}],"author":[{"embeddable":true,"href":"https:\/\/jm-metropole.com.br\/site\/wp-json\/wp\/v2\/users\/1"}],"replies":[{"embeddable":true,"href":"https:\/\/jm-metropole.com.br\/site\/wp-json\/wp\/v2\/comments?post=10940"}],"version-history":[{"count":1,"href":"https:\/\/jm-metropole.com.br\/site\/wp-json\/wp\/v2\/posts\/10940\/revisions"}],"predecessor-version":[{"id":10942,"href":"https:\/\/jm-metropole.com.br\/site\/wp-json\/wp\/v2\/posts\/10940\/revisions\/10942"}],"wp:featuredmedia":[{"embeddable":true,"href":"https:\/\/jm-metropole.com.br\/site\/wp-json\/wp\/v2\/media\/10941"}],"wp:attachment":[{"href":"https:\/\/jm-metropole.com.br\/site\/wp-json\/wp\/v2\/media?parent=10940"}],"wp:term":[{"taxonomy":"category","embeddable":true,"href":"https:\/\/jm-metropole.com.br\/site\/wp-json\/wp\/v2\/categories?post=10940"},{"taxonomy":"post_tag","embeddable":true,"href":"https:\/\/jm-metropole.com.br\/site\/wp-json\/wp\/v2\/tags?post=10940"}],"curies":[{"name":"wp","href":"https:\/\/api.w.org\/{rel}","templated":true}]}}