{"id":10927,"date":"2023-07-15T04:45:36","date_gmt":"2023-07-15T07:45:36","guid":{"rendered":"https:\/\/jm-metropole.com.br\/site\/?p=10927"},"modified":"2023-07-15T04:45:36","modified_gmt":"2023-07-15T07:45:36","slug":"santa-isabel-inaugura-escola-municipal-de-educacao-ambiental","status":"publish","type":"post","link":"https:\/\/jm-metropole.com.br\/site\/santa-isabel-inaugura-escola-municipal-de-educacao-ambiental\/","title":{"rendered":"SANTA ISABEL INAUGURA ESCOLA MUNICIPAL DE EDUCA\u00c7\u00c3O AMBIENTAL"},"content":{"rendered":"<p>Santa Isabel ganhou nesta sexta-feira, 14\/07, a primeira Escola Municipal de Educa\u00e7\u00e3o Ambiental, inaugurada ao lado da Escola Francisco Beraldo Filho, no Km 55. A proposta \u00e9 oferecer aulas pr\u00e1ticas e te\u00f3ricas aos alunos e visitantes, proporcionando uma experi\u00eancia \u00fanica de aprendizado sobre a import\u00e2ncia da preserva\u00e7\u00e3o do meio ambiente.<\/p>\n<p>O local foi pensado para promover a educa\u00e7\u00e3o ambiental dos alunos da rede municipal de ensino. De acordo com a equipe t\u00e9cnica da Secretaria de Educa\u00e7\u00e3o, em breve a unidade tamb\u00e9m ser\u00e1 aberta \u00e0 visita\u00e7\u00e3o do p\u00fablico e contar\u00e1 com atividades diferenciadas e oficinas.<\/p>\n<p>O espa\u00e7o conta com um amplo ambiente ao ar livre, que permite ao visitante o contato direto com a natureza. Em cada uma das salas da escola, um elemento da natureza \u00e9 destacado, sendo; \u00e1gua, terra, fogo e ar.<\/p>\n<p>A inaugura\u00e7\u00e3o contou com a apresenta\u00e7\u00e3o das depend\u00eancias da Escola Municipal de Educa\u00e7\u00e3o Ambiental, al\u00e9m de uma explana\u00e7\u00e3o das autoridades presentes acerca do novo espa\u00e7o. Ao final do encontro, o p\u00fablico presente foi convidado a participar de um almo\u00e7o. O card\u00e1pio foi um barreado preparado pela equipe escolar.<\/p>\n<p>O Prefeito de Santa Isabel, Dr. Carlos Chinchilla, presente no evento ao lado da primeira-dama, Helena In\u00e1cio e da vice-prefeita, Teresinha Pedroso, o projeto exalta a import\u00e2ncia da educa\u00e7\u00e3o ambiental e o fomento aos cuidados com a natureza:<\/p>\n<p>&#8220;Vivemos em um munic\u00edpio aben\u00e7oado, rico em recursos naturais e nada mais justo que nossas crian\u00e7as aprendam desde cedo a lidar com os recursos naturais e cuidar de sua preserva\u00e7\u00e3o. A Escola Municipal de Educa\u00e7\u00e3o Ambiental \u00e9 uma grande conquista para nossa cidade&#8221;.<\/p>\n<p>No encontro estiveram presentes representantes das secretarias municipais, os vereadores: Cannor, Jorginho Capoeira e Osvaldo Junior. Tamb\u00e9m prestigiaram a inaugura\u00e7\u00e3o o presidente do Condema, Dr. Henrique Marcelo e a presidente da ONG Quatro Patas no Peito, Magali Burmas.<\/p>\n<p>A Secretaria Municipal de Educa\u00e7\u00e3o agradece ao apoio da equipe t\u00e9cnica da Escola da Natureza Francisca Ler\u00e1rio, de Guararema, que desde o in\u00edcio do projeto se colocou \u00e0 disposi\u00e7\u00e3o de Santa Isabel, al\u00e9m de todos os parceiros que colaboraram para que o projeto se tornasse realidade.<\/p>\n","protected":false},"excerpt":{"rendered":"<p>Santa Isabel ganhou nesta sexta-feira, 14\/07, a primeira Escola Municipal de Educa\u00e7\u00e3o Ambiental, inaugurada ao lado da Escola Francisco Beraldo Filho, no Km 55. A proposta \u00e9 oferecer aulas pr\u00e1ticas e te\u00f3ricas aos alunos e visitantes, proporcionando uma experi\u00eancia \u00fanica de aprendizado sobre a import\u00e2ncia da preserva\u00e7\u00e3o do meio ambiente. O local foi pensado para [&hellip;]<\/p>\n","protected":false},"author":1,"featured_media":10928,"comment_status":"open","ping_status":"open","sticky":false,"template":"","format":"standard","meta":{"footnotes":""},"categories":[5],"tags":[],"class_list":{"0":"post-10927","1":"post","2":"type-post","3":"status-publish","4":"format-standard","5":"has-post-thumbnail","7":"category-santa-isabel"},"_links":{"self":[{"href":"https:\/\/jm-metropole.com.br\/site\/wp-json\/wp\/v2\/posts\/10927","targetHints":{"allow":["GET"]}}],"collection":[{"href":"https:\/\/jm-metropole.com.br\/site\/wp-json\/wp\/v2\/posts"}],"about":[{"href":"https:\/\/jm-metropole.com.br\/site\/wp-json\/wp\/v2\/types\/post"}],"author":[{"embeddable":true,"href":"https:\/\/jm-metropole.com.br\/site\/wp-json\/wp\/v2\/users\/1"}],"replies":[{"embeddable":true,"href":"https:\/\/jm-metropole.com.br\/site\/wp-json\/wp\/v2\/comments?post=10927"}],"version-history":[{"count":1,"href":"https:\/\/jm-metropole.com.br\/site\/wp-json\/wp\/v2\/posts\/10927\/revisions"}],"predecessor-version":[{"id":10929,"href":"https:\/\/jm-metropole.com.br\/site\/wp-json\/wp\/v2\/posts\/10927\/revisions\/10929"}],"wp:featuredmedia":[{"embeddable":true,"href":"https:\/\/jm-metropole.com.br\/site\/wp-json\/wp\/v2\/media\/10928"}],"wp:attachment":[{"href":"https:\/\/jm-metropole.com.br\/site\/wp-json\/wp\/v2\/media?parent=10927"}],"wp:term":[{"taxonomy":"category","embeddable":true,"href":"https:\/\/jm-metropole.com.br\/site\/wp-json\/wp\/v2\/categories?post=10927"},{"taxonomy":"post_tag","embeddable":true,"href":"https:\/\/jm-metropole.com.br\/site\/wp-json\/wp\/v2\/tags?post=10927"}],"curies":[{"name":"wp","href":"https:\/\/api.w.org\/{rel}","templated":true}]}}