{"id":10906,"date":"2023-07-13T16:16:37","date_gmt":"2023-07-13T19:16:37","guid":{"rendered":"https:\/\/jm-metropole.com.br\/site\/?p=10906"},"modified":"2023-07-13T16:16:37","modified_gmt":"2023-07-13T19:16:37","slug":"7o-festival-de-inverno-de-guararema-tem-grandes-shows-neste-fim-de-semana","status":"publish","type":"post","link":"https:\/\/jm-metropole.com.br\/site\/7o-festival-de-inverno-de-guararema-tem-grandes-shows-neste-fim-de-semana\/","title":{"rendered":"7\u00ba Festival de Inverno de Guararema tem grandes shows neste fim de semana"},"content":{"rendered":"<p>Al\u00e9m do Espa\u00e7o Gastron\u00f4mico que funciona no estacionamento do Recanto do Am\u00e9rico (Pau D\u2019alho), a agenda conta com espet\u00e1culos musicais na Esta\u00e7\u00e3o Liter\u00e1ria no s\u00e1bado e na Vila de Lu\u00eds Carlos no domingo<\/p>\n<p>O 7\u00ba Festival de Inverno de Guararema n\u00e3o d\u00e1 sinais de cansa\u00e7o e continua firme e forte em mais uma semana de muitas atividades. Em raz\u00e3o do alerta de fortes rajadas de vento emitido pela Defesa Civil de S\u00e3o Paulo, a programa\u00e7\u00e3o n\u00e3o ser\u00e1 realizada nesta quinta-feira (13), mas seguem mantidos todos os shows e op\u00e7\u00f5es culin\u00e1rias a partir de sexta-feira (14) no Espa\u00e7o Gastron\u00f4mico (veja detalhes abaixo), promovido pela Associa\u00e7\u00e3o Comercial no estacionamento do Recanto do Am\u00e9rico (Pau D\u2019alho), e tamb\u00e9m est\u00e3o de p\u00e9 os espet\u00e1culos musicais com entrada gratuita em outros endere\u00e7os.<\/p>\n<p>Neste s\u00e1bado (15), a atra\u00e7\u00e3o \u00e9 a cantora Ver\u00f4nica Ferriani, que traz \u00e0 Esta\u00e7\u00e3o Esta\u00e7\u00e3o Liter\u00e1ria \u201cProfessora Maria de Lourdes \u00c9vora Camargo\u201d, ao n\u00famero 233 da rua 19 de Setembro, no Centro, a turn\u00ea \u2018Aqu\u00e1rio em Concerto\u2019, produzida a partir de recursos do Governo do Estado de S\u00e3o Paulo, via Programa de A\u00e7\u00e3o Cultural (ProAC).<\/p>\n<p>Al\u00e9m de faixas autorais, ela cantar\u00e1 can\u00e7\u00f5es de Chico Buarque, Gilberto Gil e Criolo, fazendo tamb\u00e9m refer\u00eancias futur\u00edsticas e urbanas que privilegiam o aspecto existencial e mel\u00f3dico em arranjos intimistas, recriados em formato de pequeno concerto: voz, piano e cello.<\/p>\n<p>J\u00e1 no domingo (16), o show ser\u00e1 a partir das 14 horas na Vila de Lu\u00eds Carlos, quando Luna Di &amp; Garota Milena sobem ao palco para abrir o show do cantor Bren\u00f4, que levar\u00e1, \u00e0s 15 horas, a turn\u00ea \u2018Flores\u00e7a\u2019 para Guararema.<\/p>\n<p>Com recursos da Lei de Incentivo \u00e0 Cultura de Mogi das Cruzes (LIC), Bren\u00f4 canta m\u00fasicas do disco que d\u00e1 nome ao<br \/>\nshow, que cont\u00e9m faixas autorais com mensagens positivas em estilos variados, com grande influ\u00eancia de MPB e reggae.<\/p>\n<p>A cada show desta circula\u00e7\u00e3o, Bren\u00f4, convida algu\u00e9m a subir ao palco. Em Guararema, a escolhida \u00e9 a cantora Mariana Ferraz, que far\u00e1 um dueto em uma m\u00fasica in\u00e9dita ao lado do artista.<\/p>\n<p>As atra\u00e7\u00f5es promovidas pela Secretaria Municipal de Cultura e Turismo n\u00e3o param por aqui, e incluem encena\u00e7\u00f5es teatrais para a pr\u00f3xima semana. A programa\u00e7\u00e3o completa pode ser conferida em https:\/\/guararema.sp.gov.br\/turismo\/calendario-de-eventos\/.<\/p>\n<p>Espa\u00e7o Gastron\u00f4mico<br \/>\nSem atividades nesta quinta-feira (13) em raz\u00e3o do alerta de ventania emitido pela Defesa Civil do Estado de S\u00e3o Paulo, nos pr\u00f3ximos dias o Espa\u00e7o Gastron\u00f4mico promovido pela Associa\u00e7\u00e3o Comercial ter\u00e1 shows de Francal, Bil\u00e9 Jr., Libinha e Eliane, Edy Black e banda, sempre com entrada gratuita das 18 horas \u00e0 meia noite na sexta-feira (14), e das 11h30 \u00e0 meia noite no s\u00e1bado (15) e domingo (16).<\/p>\n<p>S\u00e3o 22 cont\u00eaineres com variadas op\u00e7\u00f5es culin\u00e1rias. O p\u00fablico pode escolher entre pizza, hamb\u00farguer, fish and chips, pastel, lanche, por\u00e7\u00f5es, comida japonesa, espetinhos, costela no bafo, til\u00e1pia e pratos variados com peixes, vinhos, cervejas, chopp e bebidas quentes, nhoque, panqueca, doces diversos, torresmo e muito mais.<\/p>\n","protected":false},"excerpt":{"rendered":"<p>Al\u00e9m do Espa\u00e7o Gastron\u00f4mico que funciona no estacionamento do Recanto do Am\u00e9rico (Pau D\u2019alho), a agenda conta com espet\u00e1culos musicais na Esta\u00e7\u00e3o Liter\u00e1ria no s\u00e1bado e na Vila de Lu\u00eds Carlos no domingo O 7\u00ba Festival de Inverno de Guararema n\u00e3o d\u00e1 sinais de cansa\u00e7o e continua firme e forte em mais uma semana de [&hellip;]<\/p>\n","protected":false},"author":1,"featured_media":10907,"comment_status":"open","ping_status":"open","sticky":false,"template":"","format":"standard","meta":{"footnotes":""},"categories":[8],"tags":[],"class_list":{"0":"post-10906","1":"post","2":"type-post","3":"status-publish","4":"format-standard","5":"has-post-thumbnail","7":"category-guararema"},"_links":{"self":[{"href":"https:\/\/jm-metropole.com.br\/site\/wp-json\/wp\/v2\/posts\/10906","targetHints":{"allow":["GET"]}}],"collection":[{"href":"https:\/\/jm-metropole.com.br\/site\/wp-json\/wp\/v2\/posts"}],"about":[{"href":"https:\/\/jm-metropole.com.br\/site\/wp-json\/wp\/v2\/types\/post"}],"author":[{"embeddable":true,"href":"https:\/\/jm-metropole.com.br\/site\/wp-json\/wp\/v2\/users\/1"}],"replies":[{"embeddable":true,"href":"https:\/\/jm-metropole.com.br\/site\/wp-json\/wp\/v2\/comments?post=10906"}],"version-history":[{"count":1,"href":"https:\/\/jm-metropole.com.br\/site\/wp-json\/wp\/v2\/posts\/10906\/revisions"}],"predecessor-version":[{"id":10908,"href":"https:\/\/jm-metropole.com.br\/site\/wp-json\/wp\/v2\/posts\/10906\/revisions\/10908"}],"wp:featuredmedia":[{"embeddable":true,"href":"https:\/\/jm-metropole.com.br\/site\/wp-json\/wp\/v2\/media\/10907"}],"wp:attachment":[{"href":"https:\/\/jm-metropole.com.br\/site\/wp-json\/wp\/v2\/media?parent=10906"}],"wp:term":[{"taxonomy":"category","embeddable":true,"href":"https:\/\/jm-metropole.com.br\/site\/wp-json\/wp\/v2\/categories?post=10906"},{"taxonomy":"post_tag","embeddable":true,"href":"https:\/\/jm-metropole.com.br\/site\/wp-json\/wp\/v2\/tags?post=10906"}],"curies":[{"name":"wp","href":"https:\/\/api.w.org\/{rel}","templated":true}]}}