{"id":10900,"date":"2023-07-13T15:16:44","date_gmt":"2023-07-13T18:16:44","guid":{"rendered":"https:\/\/jm-metropole.com.br\/site\/?p=10900"},"modified":"2023-07-13T15:16:44","modified_gmt":"2023-07-13T18:16:44","slug":"trecho-da-avenida-paulo-faccini-sera-transformado-em-via-de-lazer-em-projeto-experimental-da-prefeitura","status":"publish","type":"post","link":"https:\/\/jm-metropole.com.br\/site\/trecho-da-avenida-paulo-faccini-sera-transformado-em-via-de-lazer-em-projeto-experimental-da-prefeitura\/","title":{"rendered":"Trecho da avenida Paulo Faccini ser\u00e1 transformado em via de lazer em projeto experimental da Prefeitura \u00a0"},"content":{"rendered":"<p>Nos pr\u00f3ximos dois domingos, dias 16 e\u00a023 de julho, a avenida Paulo Faccini estar\u00e1 fechada para carros a fim de ser utilizada como via de lazer em um projeto experimental da Prefeitura de Guarulhos. Das 7h \u00e0s 17h, a pista no sentido bairro, entre os n\u00fameros 1.691 e 2.003, estar\u00e1 interditada para ve\u00edculos, permitindo que a popula\u00e7\u00e3o possa ocupar o espa\u00e7o.<br \/>\n\u201cA ideia \u00e9 que os mun\u00edcipes se apropriem da avenida como uma expans\u00e3o do Bosque Maia. Queremos que os artistas de rua estejam l\u00e1, que a popula\u00e7\u00e3o ande de bicicleta, skate, patins, que as crian\u00e7as tenham um espa\u00e7o seguro para brincar\u201d, afirmou o prefeito Guti.<br \/>\nO chefe do Executivo informa ainda que a iniciativa \u00e9 um projeto experimental e que, ap\u00f3s esses dois dias, as equipes ir\u00e3o verificar os impactos no tr\u00e2nsito do local, assim como consultar a popula\u00e7\u00e3o e os comerciantes da regi\u00e3o para entender se o projeto funciona e como pode ser melhorado.<br \/>\nDesvios<br \/>\nO motorista que estiver na avenida Paulo Faccini, no sentido bairro, ser\u00e1 obrigado a acessar o retorno \u00e0 esquerda na pra\u00e7a Alan Kardec, ao lado da Churrascaria do Bosque, seguir pela rua Delezinho de Almeida Franco at\u00e9 a avenida Salgado Filho, no sentido bairro, voltando \u00e0 avenida Paulo Faccini pela rua Soldado Elizeu Jos\u00e9 Hip\u00f3lito. No sentido Centro, o tr\u00e1fego fluir\u00e1 normalmente.<\/p>\n","protected":false},"excerpt":{"rendered":"<p>Nos pr\u00f3ximos dois domingos, dias 16 e\u00a023 de julho, a avenida Paulo Faccini estar\u00e1 fechada para carros a fim de ser utilizada como via de lazer em um projeto experimental da Prefeitura de Guarulhos. Das 7h \u00e0s 17h, a pista no sentido bairro, entre os n\u00fameros 1.691 e 2.003, estar\u00e1 interditada para ve\u00edculos, permitindo que [&hellip;]<\/p>\n","protected":false},"author":1,"featured_media":10901,"comment_status":"open","ping_status":"open","sticky":false,"template":"","format":"standard","meta":{"footnotes":""},"categories":[3],"tags":[],"class_list":{"0":"post-10900","1":"post","2":"type-post","3":"status-publish","4":"format-standard","5":"has-post-thumbnail","7":"category-guarulhos"},"_links":{"self":[{"href":"https:\/\/jm-metropole.com.br\/site\/wp-json\/wp\/v2\/posts\/10900","targetHints":{"allow":["GET"]}}],"collection":[{"href":"https:\/\/jm-metropole.com.br\/site\/wp-json\/wp\/v2\/posts"}],"about":[{"href":"https:\/\/jm-metropole.com.br\/site\/wp-json\/wp\/v2\/types\/post"}],"author":[{"embeddable":true,"href":"https:\/\/jm-metropole.com.br\/site\/wp-json\/wp\/v2\/users\/1"}],"replies":[{"embeddable":true,"href":"https:\/\/jm-metropole.com.br\/site\/wp-json\/wp\/v2\/comments?post=10900"}],"version-history":[{"count":1,"href":"https:\/\/jm-metropole.com.br\/site\/wp-json\/wp\/v2\/posts\/10900\/revisions"}],"predecessor-version":[{"id":10902,"href":"https:\/\/jm-metropole.com.br\/site\/wp-json\/wp\/v2\/posts\/10900\/revisions\/10902"}],"wp:featuredmedia":[{"embeddable":true,"href":"https:\/\/jm-metropole.com.br\/site\/wp-json\/wp\/v2\/media\/10901"}],"wp:attachment":[{"href":"https:\/\/jm-metropole.com.br\/site\/wp-json\/wp\/v2\/media?parent=10900"}],"wp:term":[{"taxonomy":"category","embeddable":true,"href":"https:\/\/jm-metropole.com.br\/site\/wp-json\/wp\/v2\/categories?post=10900"},{"taxonomy":"post_tag","embeddable":true,"href":"https:\/\/jm-metropole.com.br\/site\/wp-json\/wp\/v2\/tags?post=10900"}],"curies":[{"name":"wp","href":"https:\/\/api.w.org\/{rel}","templated":true}]}}