{"id":10458,"date":"2023-06-30T11:29:24","date_gmt":"2023-06-30T14:29:24","guid":{"rendered":"https:\/\/jm-metropole.com.br\/site\/?p=10458"},"modified":"2023-06-30T11:29:24","modified_gmt":"2023-06-30T14:29:24","slug":"santa-isabel-comemora-191-anos-sem-a-participacao-de-artistas-locais","status":"publish","type":"post","link":"https:\/\/jm-metropole.com.br\/site\/santa-isabel-comemora-191-anos-sem-a-participacao-de-artistas-locais\/","title":{"rendered":"SANTA ISABEL COMEMORA 191 ANOS SEM A PARTICIPA\u00c7\u00c3O DE ARTISTAS LOCAIS"},"content":{"rendered":"<p>A gest\u00e3o do prefeito Carlos Chinchilla, em Santa Isabel, est\u00e1 sob cr\u00edticas pela exclus\u00e3o de artistas locais na festa de comemora\u00e7\u00e3o dos 191 anos do munic\u00edpio, al\u00e9m dos gastos considerados exorbitantes com a contrata\u00e7\u00e3o de shows nacionais. A falta de compromisso com os artistas da cidade e a aus\u00eancia de pol\u00edticas culturais consistentes est\u00e3o levantando questionamentos sobre as prioridades da administra\u00e7\u00e3o municipal.<\/p>\n<p>Diferentemente do que ocorre em cidades vizinhas, a programa\u00e7\u00e3o oficial divulgada nas redes oficiais da prefeitura n\u00e3o inclui a participa\u00e7\u00e3o de artistas locais para a abertura dos shows ou eventos descentralizados em bairros e na regi\u00e3o central, que antes eram tradi\u00e7\u00e3o. Isso evidencia a falta de valoriza\u00e7\u00e3o dos talentos da pr\u00f3pria cidade e revela uma aus\u00eancia de comprometimento por parte da atual gest\u00e3o com a cena art\u00edstica local.<\/p>\n<p>Nos anos anteriores, havia a sele\u00e7\u00e3o de bandas e grupos para se apresentarem durante os dias de festa, proporcionando uma oportunidade \u00fanica para os artistas locais mostrarem seus talentos \u00e0 comunidade Isabelense. No entanto, a gest\u00e3o do prefeito Carlos Chinchilla e Teresinha Pedroso n\u00e3o deu continuidade a essa pr\u00e1tica, privando dezenas de m\u00fasicos e artistas locais de participarem e abrilhantarem ainda mais o evento. Essa neglig\u00eancia n\u00e3o apenas prejudica a cultura local, mas tamb\u00e9m priva a popula\u00e7\u00e3o de Santa Isabel de espa\u00e7os culturais e apresenta\u00e7\u00f5es do seu pr\u00f3prio povo.<\/p>\n<p>Outra quest\u00e3o que suscita cr\u00edticas \u00e9 a falta de transpar\u00eancia em rela\u00e7\u00e3o aos recursos arrecadados com a venda de ingressos e a comercializa\u00e7\u00e3o de espa\u00e7os de barracas de alimenta\u00e7\u00e3o. Questionamentos foram feitos \u00e0 prefeitura sobre a destina\u00e7\u00e3o desses valores, mas at\u00e9 o momento, nenhuma resposta foi recebida pela nossa reda\u00e7\u00e3o.<br \/>\nAl\u00e9m disso, os gastos excessivos com a contrata\u00e7\u00e3o de artistas renomados do cen\u00e1rio nacional tamb\u00e9m t\u00eam sido objeto de cr\u00edticas. Enquanto a popula\u00e7\u00e3o enfrenta dificuldades econ\u00f4micas e a cidade carece de investimentos em \u00e1reas fundamentais, como sa\u00fade e infraestrutura, \u00e9 question\u00e1vel destinar mais de R$800 mil reais para shows.<\/p>\n<p>A falta de crit\u00e9rios claros para a escolha dos artistas contratados tamb\u00e9m est\u00e1 sendo questionada, uma vez que um empres\u00e1rio local protocolou uma den\u00fancia no Minist\u00e9rio P\u00fablico de que n\u00e3o foram demonstrados os v\u00ednculos de exclusividade entre os artistas e as empresas contratadas, o que \u00e9 exigido por lei nessas situa\u00e7\u00f5es para a dispensa de licita\u00e7\u00e3o.<\/p>\n<p>O evento de comemora\u00e7\u00e3o dos 191 anos do munic\u00edpio \u00e9 uma oportunidade para celebrar a hist\u00f3ria e a cultura de Santa Isabel, mas a atual gest\u00e3o parece n\u00e3o estar atendendo \u00e0s expectativas da comunidade. A exclus\u00e3o dos artistas locais e os gastos excessivos em detrimento de investimentos mais urgentes s\u00e3o reflexos de uma administra\u00e7\u00e3o que parece estar desconectada das necessidades reais do munic\u00edpio.<\/p>\n<p>Tamb\u00e9m questionamos a prefeitura sobre as autoriza\u00e7\u00f5es necess\u00e1rias para a realiza\u00e7\u00e3o do rodeio. Em edi\u00e7\u00f5es anteriores, problemas ocorreram e inclusive teve \u00e0 presen\u00e7a da Pol\u00edcia Militar para cumprir uma ordem judicial que proibia a realiza\u00e7\u00e3o do rodeio, o que teve de ser resolvido as pressas. Questionamentos da nossa reda\u00e7\u00e3o sobre as provid\u00eancias tomadas para evitar tais transtornos n\u00e3o receberam resposta at\u00e9 o momento.<\/p>\n<p>Diante desses fatos, a popula\u00e7\u00e3o de Santa Isabel espera que a gest\u00e3o do prefeito Carlos Chinchilla reavalie suas prioridades e promova uma maior inclus\u00e3o e valoriza\u00e7\u00e3o dos artistas locais, al\u00e9m de adotar uma postura mais transparente em rela\u00e7\u00e3o aos recursos p\u00fablicos. \u00c9 fundamental que as pol\u00edticas culturais sejam pensadas de forma estrat\u00e9gica, considerando o desenvolvimento econ\u00f4mico, social e cultural da cidade, para que todos os cidad\u00e3os possam desfrutar de uma festa verdadeiramente representativa e inclusiva.<\/p>\n","protected":false},"excerpt":{"rendered":"<p>A gest\u00e3o do prefeito Carlos Chinchilla, em Santa Isabel, est\u00e1 sob cr\u00edticas pela exclus\u00e3o de artistas locais na festa de comemora\u00e7\u00e3o dos 191 anos do munic\u00edpio, al\u00e9m dos gastos considerados exorbitantes com a contrata\u00e7\u00e3o de shows nacionais. A falta de compromisso com os artistas da cidade e a aus\u00eancia de pol\u00edticas culturais consistentes est\u00e3o levantando [&hellip;]<\/p>\n","protected":false},"author":1,"featured_media":10459,"comment_status":"open","ping_status":"open","sticky":false,"template":"","format":"standard","meta":{"footnotes":""},"categories":[5],"tags":[],"class_list":{"0":"post-10458","1":"post","2":"type-post","3":"status-publish","4":"format-standard","5":"has-post-thumbnail","7":"category-santa-isabel"},"_links":{"self":[{"href":"https:\/\/jm-metropole.com.br\/site\/wp-json\/wp\/v2\/posts\/10458","targetHints":{"allow":["GET"]}}],"collection":[{"href":"https:\/\/jm-metropole.com.br\/site\/wp-json\/wp\/v2\/posts"}],"about":[{"href":"https:\/\/jm-metropole.com.br\/site\/wp-json\/wp\/v2\/types\/post"}],"author":[{"embeddable":true,"href":"https:\/\/jm-metropole.com.br\/site\/wp-json\/wp\/v2\/users\/1"}],"replies":[{"embeddable":true,"href":"https:\/\/jm-metropole.com.br\/site\/wp-json\/wp\/v2\/comments?post=10458"}],"version-history":[{"count":1,"href":"https:\/\/jm-metropole.com.br\/site\/wp-json\/wp\/v2\/posts\/10458\/revisions"}],"predecessor-version":[{"id":10460,"href":"https:\/\/jm-metropole.com.br\/site\/wp-json\/wp\/v2\/posts\/10458\/revisions\/10460"}],"wp:featuredmedia":[{"embeddable":true,"href":"https:\/\/jm-metropole.com.br\/site\/wp-json\/wp\/v2\/media\/10459"}],"wp:attachment":[{"href":"https:\/\/jm-metropole.com.br\/site\/wp-json\/wp\/v2\/media?parent=10458"}],"wp:term":[{"taxonomy":"category","embeddable":true,"href":"https:\/\/jm-metropole.com.br\/site\/wp-json\/wp\/v2\/categories?post=10458"},{"taxonomy":"post_tag","embeddable":true,"href":"https:\/\/jm-metropole.com.br\/site\/wp-json\/wp\/v2\/tags?post=10458"}],"curies":[{"name":"wp","href":"https:\/\/api.w.org\/{rel}","templated":true}]}}