{"id":10455,"date":"2023-06-30T11:27:12","date_gmt":"2023-06-30T14:27:12","guid":{"rendered":"https:\/\/jm-metropole.com.br\/site\/?p=10455"},"modified":"2023-06-30T11:27:12","modified_gmt":"2023-06-30T14:27:12","slug":"alencar-inaugura-diretorio-do-republicanos-em-santa-isabel-e-consolida-sua-pre-candidatura","status":"publish","type":"post","link":"https:\/\/jm-metropole.com.br\/site\/alencar-inaugura-diretorio-do-republicanos-em-santa-isabel-e-consolida-sua-pre-candidatura\/","title":{"rendered":"Alencar inaugura diret\u00f3rio do Republicanos em Santa Isabel e consolida sua pr\u00e9-candidatura"},"content":{"rendered":"<p>Na \u00faltima quinta-feira (29) Santa Isabel celebrou a inaugura\u00e7\u00e3o do diret\u00f3rio municipal do partido Republicanos, partido do governador Tarc\u00edsio de Freitas e que sinaliza um novo horizonte de progresso para o munic\u00edpio sob a lideran\u00e7a do presidente municipal do partido, Alencar, que \u00e9 pr\u00e9-candidato \u00e0 prefeitura de Santa Isabel.<\/p>\n<p>O evento que reuniu dezenas de lideran\u00e7as pol\u00edticas, marcou a in\u00edcio pol\u00edtico que vai impulsionar o desenvolvimento da cidade.<\/p>\n<p>Dentre as autoridades presentes, destacaram-se o prefeito de Aruj\u00e1, Dr. Luiz Camargo, o coordenador do partido Republicanos no Alto Tiet\u00ea e secret\u00e1rio de governo de Itaquaquecetuba, Marcelo Barbosa, o deputado estadual Jorge Wilson, o Xerife do Consumidor e l\u00edder do governo Tarc\u00edsio na Assembleia Legislativa, e Eder Santos, que \u00e9 chefe de Gabinete de Roberto de Lucena, secret\u00e1rio de Turismo e Viagens do Estado de S\u00e3o Paulo, al\u00e9m da presen\u00e7a de diversas autoridades e lideran\u00e7as locais e regionais, que reafirmaram seu apoio ao projeto pol\u00edtico de Alencar<\/p>\n<p>Durante seu discurso, Alencar ressaltou a import\u00e2ncia dessas parcerias, enfatizando que o Republicanos \u00e9 o partido do governador Tarc\u00edsio de Freitas. Ele expressou sua convic\u00e7\u00e3o de que, por meio dessa colabora\u00e7\u00e3o, Santa Isabel tem o potencial de alcan\u00e7ar resultados extraordin\u00e1rios em todas as \u00e1reas.<\/p>\n<p>Com uma vis\u00e3o clara de um futuro pr\u00f3spero para Santa Isabel, Alencar destacou seu compromisso em promover o desenvolvimento econ\u00f4mico, gerar empregos, incentivar o esporte, valorizar a cultura local e preservar as tradi\u00e7\u00f5es. Ele ressaltou que, com o apoio do governador e o respaldo do partido Republicanos, a cidade pode alcan\u00e7ar n\u00edveis mais altos de sucesso e qualidade de vida para seus cidad\u00e3os.<\/p>\n<p>\u201cSanta Isabel precisa de uma administra\u00e7\u00e3o s\u00e9ria, feita por gente daqui. Nossa cidade pode mais e por isso estou empenhado em trabalhar muito em um projeto de futuro que possa tornar nossa cidade um lugar melhor para se viver\u201d, destacou Alencar.<\/p>\n<p>A inaugura\u00e7\u00e3o do diret\u00f3rio do Republicanos representa o in\u00edcio de uma nova fase na trajet\u00f3ria pol\u00edtica de Santa Isabel, onde o compromisso com o futuro da cidade \u00e9 colocado em destaque. Com um l\u00edder determinado e o apoio das autoridades presentes, a popula\u00e7\u00e3o de Santa Isabel pode esperar por um futuro promissor e repleto de conquistas.<\/p>\n","protected":false},"excerpt":{"rendered":"<p>Na \u00faltima quinta-feira (29) Santa Isabel celebrou a inaugura\u00e7\u00e3o do diret\u00f3rio municipal do partido Republicanos, partido do governador Tarc\u00edsio de Freitas e que sinaliza um novo horizonte de progresso para o munic\u00edpio sob a lideran\u00e7a do presidente municipal do partido, Alencar, que \u00e9 pr\u00e9-candidato \u00e0 prefeitura de Santa Isabel. O evento que reuniu dezenas de [&hellip;]<\/p>\n","protected":false},"author":1,"featured_media":10456,"comment_status":"open","ping_status":"open","sticky":false,"template":"","format":"standard","meta":{"footnotes":""},"categories":[5],"tags":[],"class_list":{"0":"post-10455","1":"post","2":"type-post","3":"status-publish","4":"format-standard","5":"has-post-thumbnail","7":"category-santa-isabel"},"_links":{"self":[{"href":"https:\/\/jm-metropole.com.br\/site\/wp-json\/wp\/v2\/posts\/10455","targetHints":{"allow":["GET"]}}],"collection":[{"href":"https:\/\/jm-metropole.com.br\/site\/wp-json\/wp\/v2\/posts"}],"about":[{"href":"https:\/\/jm-metropole.com.br\/site\/wp-json\/wp\/v2\/types\/post"}],"author":[{"embeddable":true,"href":"https:\/\/jm-metropole.com.br\/site\/wp-json\/wp\/v2\/users\/1"}],"replies":[{"embeddable":true,"href":"https:\/\/jm-metropole.com.br\/site\/wp-json\/wp\/v2\/comments?post=10455"}],"version-history":[{"count":1,"href":"https:\/\/jm-metropole.com.br\/site\/wp-json\/wp\/v2\/posts\/10455\/revisions"}],"predecessor-version":[{"id":10457,"href":"https:\/\/jm-metropole.com.br\/site\/wp-json\/wp\/v2\/posts\/10455\/revisions\/10457"}],"wp:featuredmedia":[{"embeddable":true,"href":"https:\/\/jm-metropole.com.br\/site\/wp-json\/wp\/v2\/media\/10456"}],"wp:attachment":[{"href":"https:\/\/jm-metropole.com.br\/site\/wp-json\/wp\/v2\/media?parent=10455"}],"wp:term":[{"taxonomy":"category","embeddable":true,"href":"https:\/\/jm-metropole.com.br\/site\/wp-json\/wp\/v2\/categories?post=10455"},{"taxonomy":"post_tag","embeddable":true,"href":"https:\/\/jm-metropole.com.br\/site\/wp-json\/wp\/v2\/tags?post=10455"}],"curies":[{"name":"wp","href":"https:\/\/api.w.org\/{rel}","templated":true}]}}