{"id":10446,"date":"2023-06-30T10:43:12","date_gmt":"2023-06-30T13:43:12","guid":{"rendered":"https:\/\/jm-metropole.com.br\/site\/?p=10446"},"modified":"2023-06-30T10:43:12","modified_gmt":"2023-06-30T13:43:12","slug":"turma-da-monica-participa-do-lancamento-do-projeto-volei-mania-em-itaqua","status":"publish","type":"post","link":"https:\/\/jm-metropole.com.br\/site\/turma-da-monica-participa-do-lancamento-do-projeto-volei-mania-em-itaqua\/","title":{"rendered":"Turma da M\u00f4nica participa do lan\u00e7amento do projeto &#8216;V\u00f4lei Mania&#8217; em Itaqu\u00e1"},"content":{"rendered":"<p>Iniciativa \u00e9 uma parceria com o Instituto Maur\u00edcio de Sousa<\/p>\n<p>A Prefeitura de Itaquaquecetuba, por meio da Secretaria de Educa\u00e7\u00e3o e com o apoio do Instituto Maur\u00edcio de Sousa, realizou na quinta-feira (29) o lan\u00e7amento do projeto V\u00f4lei Mania na EMEB Prof. Paulo Nunes, no Morro Branco, com a presen\u00e7a da Turma da M\u00f4nica. O projeto vai proporcionar atividades esportivas, ambientais e educacionais para cerca de 400 estudantes no contraturno escolar.<\/p>\n<p>Estiveram presentes na cerim\u00f4nia o prefeito Eduardo Boigues, a primeira-dama e presidente do Fundo Social de Solidariedade, Mila Prates Queroz, a secret\u00e1ria de Educa\u00e7\u00e3o, Maria Cristina Perpetuo, demais autoridades municipais e os gestores do projeto, Jo\u00e3o Marcondes e K\u00e1tia Martins.<\/p>\n<p>&#8220;Essa \u00e9 mais uma importante conquista para a educa\u00e7\u00e3o municipal. Teremos novidades no contraturno e a crian\u00e7a precisa querer estar na escola, ent\u00e3o trazemos novos projetos para incentiv\u00e1-las a desenvolver habilidades e compet\u00eancias de maneira l\u00fadica. E nada mais l\u00fadico do que ter a Turma da M\u00f4nica com a gente&#8221;, comentou a secret\u00e1ria.<\/p>\n<p>No cen\u00e1rio montado para o lan\u00e7amento, havia uma &#8220;porta m\u00e1gica&#8221;. &#8220;Essa porta conduz \u00e0 cidadania, ao esporte, aos valores agregados na constru\u00e7\u00e3o de um indiv\u00edduo do bem&#8221;, explicou o gestor do projeto. Na gelateca\u00a0que compunha a decora\u00e7\u00e3o, havia dezenas de revistas da Turma da M\u00f4nica, um\u00a0presente do Instituto Maur\u00edcio de Sousa aos estudantes.<\/p>\n<p>Ap\u00f3s a contagem regressiva feita pelo prefeito, M\u00f4nica, Magali, Casc\u00e3o e Cebolinha adentraram a quadra e roubaram a cena, interagindo com as crian\u00e7as. A turminha ainda jogou v\u00f4lei, basquete, futebol e, claro, n\u00e3o podia faltar a cl\u00e1ssica &#8220;briga&#8221; encenada por M\u00f4nica e Cebolinha.<\/p>\n<p>&#8220;Nossa miss\u00e3o \u00e9 educar nossas crian\u00e7as junto ao esporte e com esse projeto, elas ter\u00e3o a oportunidade de praticar n\u00e3o somente v\u00f4lei como diversas atividades esportivas. Estamos sempre olhando com carinho para nossos estudantes&#8221;, acrescentou o prefeito. O evento contou ainda com a intera\u00e7\u00e3o de recreadores e show de circo do &#8220;Tio Beto&#8221;.<\/p>\n<p>Fotos: Dayane Oliveira<\/p>\n","protected":false},"excerpt":{"rendered":"<p>Iniciativa \u00e9 uma parceria com o Instituto Maur\u00edcio de Sousa A Prefeitura de Itaquaquecetuba, por meio da Secretaria de Educa\u00e7\u00e3o e com o apoio do Instituto Maur\u00edcio de Sousa, realizou na quinta-feira (29) o lan\u00e7amento do projeto V\u00f4lei Mania na EMEB Prof. Paulo Nunes, no Morro Branco, com a presen\u00e7a da Turma da M\u00f4nica. O [&hellip;]<\/p>\n","protected":false},"author":1,"featured_media":10447,"comment_status":"open","ping_status":"open","sticky":false,"template":"","format":"standard","meta":{"footnotes":""},"categories":[6],"tags":[],"class_list":{"0":"post-10446","1":"post","2":"type-post","3":"status-publish","4":"format-standard","5":"has-post-thumbnail","7":"category-itaqua"},"_links":{"self":[{"href":"https:\/\/jm-metropole.com.br\/site\/wp-json\/wp\/v2\/posts\/10446","targetHints":{"allow":["GET"]}}],"collection":[{"href":"https:\/\/jm-metropole.com.br\/site\/wp-json\/wp\/v2\/posts"}],"about":[{"href":"https:\/\/jm-metropole.com.br\/site\/wp-json\/wp\/v2\/types\/post"}],"author":[{"embeddable":true,"href":"https:\/\/jm-metropole.com.br\/site\/wp-json\/wp\/v2\/users\/1"}],"replies":[{"embeddable":true,"href":"https:\/\/jm-metropole.com.br\/site\/wp-json\/wp\/v2\/comments?post=10446"}],"version-history":[{"count":1,"href":"https:\/\/jm-metropole.com.br\/site\/wp-json\/wp\/v2\/posts\/10446\/revisions"}],"predecessor-version":[{"id":10448,"href":"https:\/\/jm-metropole.com.br\/site\/wp-json\/wp\/v2\/posts\/10446\/revisions\/10448"}],"wp:featuredmedia":[{"embeddable":true,"href":"https:\/\/jm-metropole.com.br\/site\/wp-json\/wp\/v2\/media\/10447"}],"wp:attachment":[{"href":"https:\/\/jm-metropole.com.br\/site\/wp-json\/wp\/v2\/media?parent=10446"}],"wp:term":[{"taxonomy":"category","embeddable":true,"href":"https:\/\/jm-metropole.com.br\/site\/wp-json\/wp\/v2\/categories?post=10446"},{"taxonomy":"post_tag","embeddable":true,"href":"https:\/\/jm-metropole.com.br\/site\/wp-json\/wp\/v2\/tags?post=10446"}],"curies":[{"name":"wp","href":"https:\/\/api.w.org\/{rel}","templated":true}]}}