{"id":10432,"date":"2023-06-30T06:05:50","date_gmt":"2023-06-30T09:05:50","guid":{"rendered":"https:\/\/jm-metropole.com.br\/site\/?p=10432"},"modified":"2023-06-30T06:05:50","modified_gmt":"2023-06-30T09:05:50","slug":"seguranca-nas-rodovias-der-inicia-operacao-inverno-2023","status":"publish","type":"post","link":"https:\/\/jm-metropole.com.br\/site\/seguranca-nas-rodovias-der-inicia-operacao-inverno-2023\/","title":{"rendered":"Seguran\u00e7a nas rodovias: DER inicia Opera\u00e7\u00e3o Inverno 2023"},"content":{"rendered":"<p>A\u00e7\u00e3o, que acontece at\u00e9 o dia 31 de julho, contar\u00e1 com refor\u00e7o de pessoal, equipamentos, al\u00e9m de monitoramento 24 horas por dia<\/p>\n<p>O Departamento de Estradas e Rodagens (DER) iniciou nesta quarta-feira (28) a \u201cOpera\u00e7\u00e3o Inverno 2023\u201d nas rodovias Pedro Asteroni Mariaglini (SP 008), Benevenuto Moretto (SP 095), Floriano Rodrigues Pinheiro (SP 123), Oct\u00e1vio de Oliveira Santos (SP 147), Engenheiro Const\u00e2ncio Cintra (SP 360) e Raposo Tavares (SP 270), que apresentam um aumento no fluxo di\u00e1rio nesta \u00e9poca do ano. A estimativa \u00e9 que mais de 455 mil ve\u00edculos circulem nessas vias at\u00e9 o dia 31 de julho.<\/p>\n<p>A a\u00e7\u00e3o especial contar\u00e1 com refor\u00e7o de monitoramento 24 horas por dia, por meio da atua\u00e7\u00e3o das equipes das Unidades B\u00e1sicas de Atendimento \u2013 UBAs. Ao todo, os usu\u00e1rios poder\u00e3o contar com o apoio de 131 ve\u00edculos, 122 guinchos leves, 77 caminhonetes de inspe\u00e7\u00e3o, 4 motocicletas, 8 utilit\u00e1rios e 17 guinchos pesados. De forma direta e indireta, 942 colaboradores estar\u00e3o envolvidos na operacionaliza\u00e7\u00e3o.<\/p>\n<p>O objetivo da opera\u00e7\u00e3o \u00e9 prestar apoio e refor\u00e7ar a seguran\u00e7a para os motoristas que est\u00e3o planejando viajar durante o m\u00eas de julho, al\u00e9m de organizar o fluxo de ve\u00edculos em circula\u00e7\u00e3o, de forma que todos possam ter uma viagem tranquila e deslocamentos menos demorados.<\/p>\n<p>*Com informa\u00e7\u00f5es do Portal do Governo do Estado de S\u00e3o Paulo<\/p>\n","protected":false},"excerpt":{"rendered":"<p>A\u00e7\u00e3o, que acontece at\u00e9 o dia 31 de julho, contar\u00e1 com refor\u00e7o de pessoal, equipamentos, al\u00e9m de monitoramento 24 horas por dia O Departamento de Estradas e Rodagens (DER) iniciou nesta quarta-feira (28) a \u201cOpera\u00e7\u00e3o Inverno 2023\u201d nas rodovias Pedro Asteroni Mariaglini (SP 008), Benevenuto Moretto (SP 095), Floriano Rodrigues Pinheiro (SP 123), Oct\u00e1vio de [&hellip;]<\/p>\n","protected":false},"author":1,"featured_media":10433,"comment_status":"open","ping_status":"open","sticky":false,"template":"","format":"standard","meta":{"footnotes":""},"categories":[48],"tags":[],"class_list":{"0":"post-10432","1":"post","2":"type-post","3":"status-publish","4":"format-standard","5":"has-post-thumbnail","7":"category-geral"},"_links":{"self":[{"href":"https:\/\/jm-metropole.com.br\/site\/wp-json\/wp\/v2\/posts\/10432","targetHints":{"allow":["GET"]}}],"collection":[{"href":"https:\/\/jm-metropole.com.br\/site\/wp-json\/wp\/v2\/posts"}],"about":[{"href":"https:\/\/jm-metropole.com.br\/site\/wp-json\/wp\/v2\/types\/post"}],"author":[{"embeddable":true,"href":"https:\/\/jm-metropole.com.br\/site\/wp-json\/wp\/v2\/users\/1"}],"replies":[{"embeddable":true,"href":"https:\/\/jm-metropole.com.br\/site\/wp-json\/wp\/v2\/comments?post=10432"}],"version-history":[{"count":1,"href":"https:\/\/jm-metropole.com.br\/site\/wp-json\/wp\/v2\/posts\/10432\/revisions"}],"predecessor-version":[{"id":10434,"href":"https:\/\/jm-metropole.com.br\/site\/wp-json\/wp\/v2\/posts\/10432\/revisions\/10434"}],"wp:featuredmedia":[{"embeddable":true,"href":"https:\/\/jm-metropole.com.br\/site\/wp-json\/wp\/v2\/media\/10433"}],"wp:attachment":[{"href":"https:\/\/jm-metropole.com.br\/site\/wp-json\/wp\/v2\/media?parent=10432"}],"wp:term":[{"taxonomy":"category","embeddable":true,"href":"https:\/\/jm-metropole.com.br\/site\/wp-json\/wp\/v2\/categories?post=10432"},{"taxonomy":"post_tag","embeddable":true,"href":"https:\/\/jm-metropole.com.br\/site\/wp-json\/wp\/v2\/tags?post=10432"}],"curies":[{"name":"wp","href":"https:\/\/api.w.org\/{rel}","templated":true}]}}