{"id":10401,"date":"2023-06-29T14:40:26","date_gmt":"2023-06-29T17:40:26","guid":{"rendered":"https:\/\/jm-metropole.com.br\/site\/?p=10401"},"modified":"2023-06-29T14:40:26","modified_gmt":"2023-06-29T17:40:26","slug":"comeca-nesta-quinta-29-o-7o-festival-de-inverno-de-guararema","status":"publish","type":"post","link":"https:\/\/jm-metropole.com.br\/site\/comeca-nesta-quinta-29-o-7o-festival-de-inverno-de-guararema\/","title":{"rendered":"Come\u00e7a nesta quinta (29) o 7\u00ba Festival de Inverno de Guararema"},"content":{"rendered":"<p>Evento tem Espa\u00e7o Gastron\u00f4mico no estacionamento do Recanto do Am\u00e9rico (Pau D\u2019alho), palco para shows, atividades culturais e muito mais<\/p>\n<p>Os 22 cont\u00eaineres que v\u00e3o oferecer del\u00edcias culin\u00e1rias ao p\u00fablico durante o 7\u00ba Festival de Inverno de Guararema j\u00e1 est\u00e3o devidamente posicionados no estacionamento do Recanto do Am\u00e9rico (Pau D\u2019alho), assim como o palco que receber\u00e1 artistas locais ao longo de um m\u00eas de programa\u00e7\u00e3o. Em outras palavras, j\u00e1 est\u00e1 tudo pronto para o evento que come\u00e7a nesta quinta (29) e segue at\u00e9 o dia 30 de junho.<\/p>\n<p>Esta \u00e9 a primeira vez que as atividades ser\u00e3o realizadas neste espa\u00e7o, que fica na rua Coronel Ramalho, em uma \u00e1rea privilegiada da cidade, com estrutura completa, vista para o Rio Para\u00edba do Sul e espa\u00e7o instagram\u00e1vel.<\/p>\n<p>A organiza\u00e7\u00e3o do Espa\u00e7o Gastron\u00f4mico \u00e9 da Associa\u00e7\u00e3o Comercial de Guararema e o funcionamento ser\u00e1 das 18 horas \u00e0 meia noite \u00e0s quintas e sextas-feiras, e das 11h30 \u00e0 meia noite aos s\u00e1bados e domingos, sempre com entrada gratuita.<\/p>\n<p>Para garantir o clima aconchegante para fam\u00edlias, amigos ou casais apaixonados, a m\u00fasica ser\u00e1 com Libinha &amp; Eliane, Elton Carlos, Jo\u00e3o Guilherme e Felipe, Geraldo, Francal, Nhyl Ferreira, Bil\u00e9 Jr., Jo\u00e3o Guilherme e Felipe, Siqueira Marks, Claus, e Kelly &amp; Alexandre.<\/p>\n<p>E claro, n\u00e3o podem faltar as op\u00e7\u00f5es culin\u00e1rias do Espa\u00e7o Gastron\u00f4mico, como pizza, hamb\u00farguer, fish and chips, pastel, lanche, por\u00e7\u00f5es, comida japonesa, espetinhos, costela no bafo, til\u00e1pia e pratos variados com peixes, vinhos, cervejas, chopp e bebidas quentes, nhoque, panqueca, doces diversos, torresmo e muito mais.<\/p>\n<p>Mas n\u00e3o \u00e9 s\u00f3 isso: enquanto o estacionamento do Pau D\u2019alho ser\u00e1 palco de diversas para experi\u00eancias gastron\u00f4micas e musicais, a Esta\u00e7\u00e3o Liter\u00e1ria \u201cProfessora Maria de Lourdes \u00c9vora Camargo\u201d e a Vila de Lu\u00eds Carlos tamb\u00e9m est\u00e3o prontas para receberem experi\u00eancias culturais.<\/p>\n<p>Nestes endere\u00e7os, a programa\u00e7\u00e3o promovida pela Secretaria Municipal de Cultura e Turismo tem teatro infantil, espet\u00e1culos teatrais e musicais em diferentes estilos.<\/p>\n<p>A agenda completa est\u00e1 dispon\u00edvel em https:\/\/guararema.sp.gov.br\/turismo\/calendario-de-eventos\/. Todas as a\u00e7\u00f5es s\u00e3o gratuitas e t\u00eam classifica\u00e7\u00e3o indicativa livre, permitindo a participa\u00e7\u00e3o de toda a fam\u00edlia.<\/p>\n<p>Outras atra\u00e7\u00f5es<br \/>\nA programa\u00e7\u00e3o do 7\u00ba Festival de Inverno de Guararema se estende tamb\u00e9m para outros espa\u00e7os da cidade. Op\u00e7\u00e3o para compras de p\u00e3es, doces, flores, embutidos e produtos t\u00edpicos da cidade, o Mercado Municipal \u201cJuvenal Alves Pereira\u201d, que fica na esquina da Pra\u00e7a Coronel Bras\u00edlio da Fonseca com o Boulevard Major Paula Lopes, ter\u00e1 funcionamento normal em todos os dias, ou seja: das 9 \u00e0s 18 horas \u00e0s quintas-feiras, sextas-feiras e s\u00e1bados e das 10 \u00e0s 17 horas no domingo.<\/p>\n<p>Al\u00e9m disso, a Feira Gastron\u00f4mica e Artesanal de Guararema tamb\u00e9m ser\u00e1 realizada durante todo o per\u00edodo do 7\u00ba Festival de Inverno de Guararema. \u00c0s sextas, das 17 \u00e0s 22 horas, aos s\u00e1bados das 12 \u00e0s 22 horas, e aos domingos, das 12 \u00e0s 20 horas, o Parque de Lazer Professora Deocl\u00e9sia de Almeida Mello ter\u00e1 variadas op\u00e7\u00f5es gastron\u00f4micas e uma s\u00e9rie de mercadorias com o \u201cSelo de Produto Artesanal\u201d, como p\u00e3es integrais, doces, pimentas e outros.<\/p>\n<p>Com o apoio da Prefeitura de Guararema e do Conselho Municipal de Pol\u00edticas P\u00fablicas e Conselho Municipal de Turismo, o Festival de Inverno \u00e9 uma realiza\u00e7\u00e3o da Associa\u00e7\u00e3o Comercial de Guararema e conta com o investimento de patrocinadores.<\/p>\n","protected":false},"excerpt":{"rendered":"<p>Evento tem Espa\u00e7o Gastron\u00f4mico no estacionamento do Recanto do Am\u00e9rico (Pau D\u2019alho), palco para shows, atividades culturais e muito mais Os 22 cont\u00eaineres que v\u00e3o oferecer del\u00edcias culin\u00e1rias ao p\u00fablico durante o 7\u00ba Festival de Inverno de Guararema j\u00e1 est\u00e3o devidamente posicionados no estacionamento do Recanto do Am\u00e9rico (Pau D\u2019alho), assim como o palco que [&hellip;]<\/p>\n","protected":false},"author":1,"featured_media":10402,"comment_status":"open","ping_status":"open","sticky":false,"template":"","format":"standard","meta":{"footnotes":""},"categories":[8],"tags":[],"class_list":{"0":"post-10401","1":"post","2":"type-post","3":"status-publish","4":"format-standard","5":"has-post-thumbnail","7":"category-guararema"},"_links":{"self":[{"href":"https:\/\/jm-metropole.com.br\/site\/wp-json\/wp\/v2\/posts\/10401","targetHints":{"allow":["GET"]}}],"collection":[{"href":"https:\/\/jm-metropole.com.br\/site\/wp-json\/wp\/v2\/posts"}],"about":[{"href":"https:\/\/jm-metropole.com.br\/site\/wp-json\/wp\/v2\/types\/post"}],"author":[{"embeddable":true,"href":"https:\/\/jm-metropole.com.br\/site\/wp-json\/wp\/v2\/users\/1"}],"replies":[{"embeddable":true,"href":"https:\/\/jm-metropole.com.br\/site\/wp-json\/wp\/v2\/comments?post=10401"}],"version-history":[{"count":1,"href":"https:\/\/jm-metropole.com.br\/site\/wp-json\/wp\/v2\/posts\/10401\/revisions"}],"predecessor-version":[{"id":10403,"href":"https:\/\/jm-metropole.com.br\/site\/wp-json\/wp\/v2\/posts\/10401\/revisions\/10403"}],"wp:featuredmedia":[{"embeddable":true,"href":"https:\/\/jm-metropole.com.br\/site\/wp-json\/wp\/v2\/media\/10402"}],"wp:attachment":[{"href":"https:\/\/jm-metropole.com.br\/site\/wp-json\/wp\/v2\/media?parent=10401"}],"wp:term":[{"taxonomy":"category","embeddable":true,"href":"https:\/\/jm-metropole.com.br\/site\/wp-json\/wp\/v2\/categories?post=10401"},{"taxonomy":"post_tag","embeddable":true,"href":"https:\/\/jm-metropole.com.br\/site\/wp-json\/wp\/v2\/tags?post=10401"}],"curies":[{"name":"wp","href":"https:\/\/api.w.org\/{rel}","templated":true}]}}