{"id":10398,"date":"2023-06-29T14:28:23","date_gmt":"2023-06-29T17:28:23","guid":{"rendered":"https:\/\/jm-metropole.com.br\/site\/?p=10398"},"modified":"2023-06-29T14:28:23","modified_gmt":"2023-06-29T17:28:23","slug":"luiz-fernando-fiscaliza-servicos-do-pev-do-barreto","status":"publish","type":"post","link":"https:\/\/jm-metropole.com.br\/site\/luiz-fernando-fiscaliza-servicos-do-pev-do-barreto\/","title":{"rendered":"Luiz Fernando fiscaliza servi\u00e7os do PEV do Barreto"},"content":{"rendered":"<p>Parlamentar foi verificar como est\u00e1 a ades\u00e3o da popula\u00e7\u00e3o ao servi\u00e7o<\/p>\n<div class=\"row\">\n<div class=\"col-sm-12 col-md-12 col-lg-12 col-xs-12\">\n<p class=\"title-not\">Not\u00edcias<\/p>\n<\/div>\n<\/div>\n<div class=\"row\">\n<div class=\"col-sm-12 col-md-12 col-lg-12 col-xs-12\">\n<p>28 junho 2023<\/p>\n<p>Luiz Fernando fiscaliza servi\u00e7os do PEV do Barreto<\/p>\n<p>Parlamentar foi verificar como est\u00e1 a ades\u00e3o da popula\u00e7\u00e3o ao servi\u00e7o<\/p>\n<\/div>\n<\/div>\n<hr \/>\n<div class=\"row\">\n<div class=\"col-sm-12 col-md-12 col-lg-12 col-xs-12\">\n<div class=\"col-sm-12 col-md-7 col-lg-7 col-xs-12\">\n<p class=\"not-desc\">\n<p>O vereador<a href=\"https:\/\/www.camaraaruja.sp.gov.br\/Consulta\/Vereadores\/Vereador\/835\">\u00a0Luiz Fernando (PSDB)<\/a>\u00a0foi at\u00e9 o Posto de Entrega Volunt\u00e1ria (PEV) do Parque Rodrigo Barreto na ter\u00e7a-feira (27\/6) para verificar como est\u00e1 a ades\u00e3o da popula\u00e7\u00e3o ao rec\u00e9m-inaugurado servi\u00e7o de coleta de res\u00edduos da constru\u00e7\u00e3o civil.<\/p>\n<p>O PEV do Barreto est\u00e1 localizado na rua Maria de Lourdes Vitorino e opera com tr\u00eas ca\u00e7ambas com capacidade de at\u00e9 cinco metros c\u00fabicos, de segunda a s\u00e1bado. \u201cCada pessoa pode dispensar at\u00e9 1 metro c\u00fabico por dia de res\u00edduos no PEV e uma empresa recolhe e substitui as ca\u00e7ambas logo que ficam cheias\u201d, explicou o secret\u00e1rio de Servi\u00e7os, Rodolfo Ribeiro Machado, que esteve no local a pedido do vereador. A empresa contratada pelo Munic\u00edpio fica respons\u00e1vel pela destina\u00e7\u00e3o final dos entulhos.<\/p>\n<p>Ainda segundo o titular da pasta, antes da inaugura\u00e7\u00e3o do equipamento, a Prefeitura chegou a recolher mais de 1.500 toneladas de res\u00edduos descartados de forma irregular. \u201cAgora intensificamos a fiscaliza\u00e7\u00e3o inclusive com a instala\u00e7\u00e3o de c\u00e2meras nos pontos j\u00e1 conhecidos de descarte\u201d, salientou.<\/p>\n<p>O PEV \u00e9 destinado ao recolhimento de res\u00edduos de constru\u00e7\u00e3o civil (tijolos, blocos, telhas, placas de revestimento, argamassa e concreto) e res\u00edduos recicl\u00e1veis (vidros, pl\u00e1sticos, papeis, metal e eletroeletr\u00f4nicos).<\/p>\n<p>\u201cFiquei muito satisfeito em ver o funcionamento do PEV. Est\u00e1 tudo muito organizado, a equipe envolvida e tive a percep\u00e7\u00e3o de que a popula\u00e7\u00e3o comprou a ideia\u201d, disse Luiz Fernando.<\/p>\n<p>Sobre a visita, o vereador explicou: \u201cAinda h\u00e1 moradores de outros bairros, onde est\u00e1 prevista a instala\u00e7\u00e3o do PEV, com d\u00favidas sobre como \u00e9 realizado o trabalho. Nada melhor que nos apropriarmos das informa\u00e7\u00f5es e passarmos os dados corretos a quem nos questiona\u201d, ponderou.<\/p>\n<p>O PEV do Barreto funciona de segunda a sexta-feira, das 8h \u00e0s 16h, e aos s\u00e1bados das 8h \u00e0s 14h.<\/p>\n<p>A Prefeitura ainda dever\u00e1 inaugurar outros tr\u00eas postos nos bairros do Jardim Em\u00edlia, Mirante e Jardim Real.<\/p>\n<\/div>\n<\/div>\n<\/div>\n","protected":false},"excerpt":{"rendered":"<p>Parlamentar foi verificar como est\u00e1 a ades\u00e3o da popula\u00e7\u00e3o ao servi\u00e7o Not\u00edcias 28 junho 2023 Luiz Fernando fiscaliza servi\u00e7os do PEV do Barreto Parlamentar foi verificar como est\u00e1 a ades\u00e3o da popula\u00e7\u00e3o ao servi\u00e7o O vereador\u00a0Luiz Fernando (PSDB)\u00a0foi at\u00e9 o Posto de Entrega Volunt\u00e1ria (PEV) do Parque Rodrigo Barreto na ter\u00e7a-feira (27\/6) para verificar como [&hellip;]<\/p>\n","protected":false},"author":1,"featured_media":10399,"comment_status":"open","ping_status":"open","sticky":false,"template":"","format":"standard","meta":{"footnotes":""},"categories":[1],"tags":[],"class_list":{"0":"post-10398","1":"post","2":"type-post","3":"status-publish","4":"format-standard","5":"has-post-thumbnail","7":"category-tudo"},"_links":{"self":[{"href":"https:\/\/jm-metropole.com.br\/site\/wp-json\/wp\/v2\/posts\/10398","targetHints":{"allow":["GET"]}}],"collection":[{"href":"https:\/\/jm-metropole.com.br\/site\/wp-json\/wp\/v2\/posts"}],"about":[{"href":"https:\/\/jm-metropole.com.br\/site\/wp-json\/wp\/v2\/types\/post"}],"author":[{"embeddable":true,"href":"https:\/\/jm-metropole.com.br\/site\/wp-json\/wp\/v2\/users\/1"}],"replies":[{"embeddable":true,"href":"https:\/\/jm-metropole.com.br\/site\/wp-json\/wp\/v2\/comments?post=10398"}],"version-history":[{"count":1,"href":"https:\/\/jm-metropole.com.br\/site\/wp-json\/wp\/v2\/posts\/10398\/revisions"}],"predecessor-version":[{"id":10400,"href":"https:\/\/jm-metropole.com.br\/site\/wp-json\/wp\/v2\/posts\/10398\/revisions\/10400"}],"wp:featuredmedia":[{"embeddable":true,"href":"https:\/\/jm-metropole.com.br\/site\/wp-json\/wp\/v2\/media\/10399"}],"wp:attachment":[{"href":"https:\/\/jm-metropole.com.br\/site\/wp-json\/wp\/v2\/media?parent=10398"}],"wp:term":[{"taxonomy":"category","embeddable":true,"href":"https:\/\/jm-metropole.com.br\/site\/wp-json\/wp\/v2\/categories?post=10398"},{"taxonomy":"post_tag","embeddable":true,"href":"https:\/\/jm-metropole.com.br\/site\/wp-json\/wp\/v2\/tags?post=10398"}],"curies":[{"name":"wp","href":"https:\/\/api.w.org\/{rel}","templated":true}]}}