{"id":10392,"date":"2023-06-29T13:58:07","date_gmt":"2023-06-29T16:58:07","guid":{"rendered":"https:\/\/jm-metropole.com.br\/site\/?p=10392"},"modified":"2023-06-29T13:58:07","modified_gmt":"2023-06-29T16:58:07","slug":"mogi-das-cruzes-inaugura-parque-naturalizado-neste-sabado-1o-7-no-jardim-planalto","status":"publish","type":"post","link":"https:\/\/jm-metropole.com.br\/site\/mogi-das-cruzes-inaugura-parque-naturalizado-neste-sabado-1o-7-no-jardim-planalto\/","title":{"rendered":"Mogi das Cruzes inaugura Parque Naturalizado neste s\u00e1bado (1\u00ba\/7), no Jardim Planalto"},"content":{"rendered":"<p>A Prefeitura de Mogi das Cruzes vai inaugurar neste s\u00e1bado (1\u00ba\/7) a partir das 10 horas, o Parque Naturalizado do Jardim Planalto. Localizado na rua Guatambu, o espa\u00e7o faz parte das a\u00e7\u00f5es da Administra\u00e7\u00e3o Municipal voltadas \u00e0 primeira inf\u00e2ncia e \u00e9 desenvolvido principalmente a partir de elementos naturais, repleto de possibilidades de intera\u00e7\u00e3o, explora\u00e7\u00e3o e cria\u00e7\u00e3o. O objetivo \u00e9 incentivar o brincar livre, a conviv\u00eancia, o v\u00ednculo com o espa\u00e7o p\u00fablico, com a natureza e o prazer de estar a c\u00e9u aberto.<\/p>\n<p>O prefeito Caio Cunha destaca a import\u00e2ncia das a\u00e7\u00f5es voltadas \u00e0 primeira inf\u00e2ncia. \u201cEstamos trabalhando muito e lan\u00e7ando as bases para construir a Mogi das Cruzes do futuro, e isso passa obrigatoriamente pelas crian\u00e7as. As interven\u00e7\u00f5es nos bairros s\u00e3o realizadas a partir do di\u00e1logo com os moradores, incluindo as crian\u00e7as, e o Parque Naturalizado do Jardim Planalto \u00e9 um exemplo pr\u00e1tico desse conceito. A entrega do espa\u00e7o, com a revitaliza\u00e7\u00e3o do entorno, mostra esse compromisso com a primeira inf\u00e2ncia e com o futuro do munic\u00edpio\u201d, afirmou.<\/p>\n<p>Lan\u00e7ado em dezembro de 2022, o Programa Mogi Cidade da Crian\u00e7a \u2013 Primeira Inf\u00e2ncia \u00e9 um projeto de pol\u00edtica p\u00fablica intersetorial com foco no desenvolvimento de uma cidade amig\u00e1vel \u00e0 inf\u00e2ncia e \u00e0 Primeira Inf\u00e2ncia. Pela iniciativa est\u00e3o em andamento diversas a\u00e7\u00f5es na cidade, como a implanta\u00e7\u00e3o dos Espa\u00e7os de Brincar e a elabora\u00e7\u00e3o do Plano Municipal da Primeira Inf\u00e2ncia (PMPI). O Mogi Cidade da Crian\u00e7a tamb\u00e9m faz parte do planejamento do Mogi 500 anos, um plano de cidade a m\u00e9dio e longo prazo.<\/p>\n<p><strong>Trabalho intersetorial<\/strong><\/p>\n<p>A implanta\u00e7\u00e3o do Parque Naturalizado foi um trabalho intersetorial conduzido pelo Comit\u00ea da Primeira Inf\u00e2ncia e que contou com uma atua\u00e7\u00e3o em grupo, incluindo a\u00e7\u00f5es das secretarias municipais de Urbanismo, Infraestrutura Urbana, Meio Ambiente e Prote\u00e7\u00e3o Animal, Mobilidade Urbana e Planejamento e Gest\u00e3o Estrat\u00e9gica.<\/p>\n<p>O local escolhido para a implanta\u00e7\u00e3o do Parque Naturalizado situa-se entre os bairros do Jardim Planalto, Jardim Aeroporto, Jardim Santa Tereza, Jardim Esperan\u00e7a e Jardim dos Amarais, atendendo todos os moradores desses bairros.<\/p>\n<p>O parque possui 8 mil metros de \u00e1rea total e foi dividido em zonas: a 1, com 3,6 mil metros quadrados, possui espa\u00e7os de conv\u00edvio, da terceira idade, da primeir\u00edssima inf\u00e2ncia e de aventura. J\u00e1 a zona 2 possui 2,5 mil metros quadrados e conta com \u00e1rea de conv\u00edvio e um espa\u00e7o que abriga uma quadra que foi totalmente reestruturada com a implanta\u00e7\u00e3o de fechamento em alambrado. Todo o processo de implanta\u00e7\u00e3o contou com uma intensa participa\u00e7\u00e3o da comunidade, especialmente das crian\u00e7as, por meio da escuta sobre a proposta.<\/p>\n<p><strong>Conex\u00e3o com a natureza<\/strong><\/p>\n<p>A implanta\u00e7\u00e3o do parque ocorreu de forma a estimular a conex\u00e3o com a natureza, favorecendo o brincar aut\u00f4nomo e criativo, desenvolvendo trilhas sensoriais, brinquedos e mobili\u00e1rio feitos com elementos naturais, como madeira proveniente de podas executadas na cidade, por exemplo. Al\u00e9m disso, o entorno do parque tamb\u00e9m recebeu melhorias, como troca de l\u00e2mpadas convencionais por LEDs.<\/p>\n<p>Os parques naturalizados n\u00e3o trazem benef\u00edcios apenas para as crian\u00e7as e seus cuidadores. Eles ajudam na regenera\u00e7\u00e3o dos ecossistemas urbanos, equilibram o microclima, melhoram a qualidade do ar, produzem sombra, frutas, ervas e outros alimentos al\u00e9m de contribuir com a drenagem das chuvas.<\/p>\n<p>Todas essas a\u00e7\u00f5es s\u00e3o resultado da parceria entre o munic\u00edpio e a Funda\u00e7\u00e3o Bernard Van Leer, institui\u00e7\u00e3o holandesa respons\u00e1vel pela Urban95, iniciativa internacional que, no Brasil, re\u00fane 23 munic\u00edpios com a\u00e7\u00f5es focadas na Primeira Inf\u00e2ncia. Mogi das Cruzes faz parte do projeto desde julho de 2021, o que tem favorecido conex\u00f5es com outras cidades, forma\u00e7\u00f5es em diversas \u00e1reas e apoio institucional para novas oportunidades e desenvolvimento.<\/p>\n","protected":false},"excerpt":{"rendered":"<p>A Prefeitura de Mogi das Cruzes vai inaugurar neste s\u00e1bado (1\u00ba\/7) a partir das 10 horas, o Parque Naturalizado do Jardim Planalto. Localizado na rua Guatambu, o espa\u00e7o faz parte das a\u00e7\u00f5es da Administra\u00e7\u00e3o Municipal voltadas \u00e0 primeira inf\u00e2ncia e \u00e9 desenvolvido principalmente a partir de elementos naturais, repleto de possibilidades de intera\u00e7\u00e3o, explora\u00e7\u00e3o e [&hellip;]<\/p>\n","protected":false},"author":1,"featured_media":10393,"comment_status":"open","ping_status":"open","sticky":false,"template":"","format":"standard","meta":{"footnotes":""},"categories":[10],"tags":[],"class_list":{"0":"post-10392","1":"post","2":"type-post","3":"status-publish","4":"format-standard","5":"has-post-thumbnail","7":"category-mogi-das-cruzes"},"_links":{"self":[{"href":"https:\/\/jm-metropole.com.br\/site\/wp-json\/wp\/v2\/posts\/10392","targetHints":{"allow":["GET"]}}],"collection":[{"href":"https:\/\/jm-metropole.com.br\/site\/wp-json\/wp\/v2\/posts"}],"about":[{"href":"https:\/\/jm-metropole.com.br\/site\/wp-json\/wp\/v2\/types\/post"}],"author":[{"embeddable":true,"href":"https:\/\/jm-metropole.com.br\/site\/wp-json\/wp\/v2\/users\/1"}],"replies":[{"embeddable":true,"href":"https:\/\/jm-metropole.com.br\/site\/wp-json\/wp\/v2\/comments?post=10392"}],"version-history":[{"count":1,"href":"https:\/\/jm-metropole.com.br\/site\/wp-json\/wp\/v2\/posts\/10392\/revisions"}],"predecessor-version":[{"id":10394,"href":"https:\/\/jm-metropole.com.br\/site\/wp-json\/wp\/v2\/posts\/10392\/revisions\/10394"}],"wp:featuredmedia":[{"embeddable":true,"href":"https:\/\/jm-metropole.com.br\/site\/wp-json\/wp\/v2\/media\/10393"}],"wp:attachment":[{"href":"https:\/\/jm-metropole.com.br\/site\/wp-json\/wp\/v2\/media?parent=10392"}],"wp:term":[{"taxonomy":"category","embeddable":true,"href":"https:\/\/jm-metropole.com.br\/site\/wp-json\/wp\/v2\/categories?post=10392"},{"taxonomy":"post_tag","embeddable":true,"href":"https:\/\/jm-metropole.com.br\/site\/wp-json\/wp\/v2\/tags?post=10392"}],"curies":[{"name":"wp","href":"https:\/\/api.w.org\/{rel}","templated":true}]}}