{"id":10383,"date":"2023-06-29T13:21:41","date_gmt":"2023-06-29T16:21:41","guid":{"rendered":"https:\/\/jm-metropole.com.br\/site\/?p=10383"},"modified":"2023-06-29T13:21:41","modified_gmt":"2023-06-29T16:21:41","slug":"usuarios-dos-caps-de-guarulhos-participam-da-copa-da-inclusao-no-sesc-itaquera","status":"publish","type":"post","link":"https:\/\/jm-metropole.com.br\/site\/usuarios-dos-caps-de-guarulhos-participam-da-copa-da-inclusao-no-sesc-itaquera\/","title":{"rendered":"Usu\u00e1rios dos Caps de Guarulhos participam da Copa da Inclus\u00e3o no Sesc Itaquera \u00a0"},"content":{"rendered":"<p>Nesta\u00a0quarta-feira (28) usu\u00e1rios e profissionais dos Centros de Aten\u00e7\u00e3o Psicossocial (Caps) de Guarulhos participaram da abertura da XXII Copa da Inclus\u00e3o, no Sesc de Itaquera. A equipe guarulhenses contou com 98 integrantes, que competir\u00e3o nas modalidades futsal e show de talentos pelos pr\u00f3ximos cinco meses.<\/p>\n<p>Realizada desde 2002, a Copa da Inclus\u00e3o \u00e9 um encontro esportivo, cultural e terap\u00eautico. Trata-se de uma iniciativa que propicia a integra\u00e7\u00e3o, a ressocializa\u00e7\u00e3o e a inclus\u00e3o de usu\u00e1rios, profissionais e familiares dos servi\u00e7os de sa\u00fade mental.<br \/>\nNo primeiro dia Guarulhos se destacou no show de talentos. Ricardo, morador da Resid\u00eancia Terap\u00eautica Bom Clima, apresentou a m\u00fasica Cerol na M\u00e3o, al\u00e9m de dan\u00e7ar junto com outros participantes ao som de Cowboy Fora-da-lei, de Raul Seixas.<\/p>\n<p>As atividades<br \/>\nNa Copa da Inclus\u00e3o s\u00e3o realizadas atividades esportivas como torneios de futsal, v\u00f4lei, queimada, t\u00eanis de mesa, mini maratona, damas, domin\u00f3 e xadrez com equipes formadas pelos usu\u00e1rios dos servi\u00e7os de sa\u00fade mental de diversos munic\u00edpios do Estado de S\u00e3o Paulo.<\/p>\n<p>Al\u00e9m disso, a copa tamb\u00e9m conta com apresenta\u00e7\u00f5es de dan\u00e7a cigana, sentada, s\u00eanior, circular, capoeira e samba, al\u00e9m de show de talentos e feira de gera\u00e7\u00e3o de renda, onde s\u00e3o expostos e vendidos produtos confeccionados pelos usu\u00e1rios.<\/p>\n<p>Os jogos acontecer\u00e3o sempre na \u00faltima\u00a0quarta-feira de cada m\u00eas com entrada gratuita para todas as pessoas.<br \/>\nServi\u00e7o<br \/>\nO Sesc Itaquera fica na avenida Fernando do Esp\u00edrito Santo Alves de Mattos, 1.000, Itaquera, S\u00e3o Paulo.<\/p>\n","protected":false},"excerpt":{"rendered":"<p>Nesta\u00a0quarta-feira (28) usu\u00e1rios e profissionais dos Centros de Aten\u00e7\u00e3o Psicossocial (Caps) de Guarulhos participaram da abertura da XXII Copa da Inclus\u00e3o, no Sesc de Itaquera. A equipe guarulhenses contou com 98 integrantes, que competir\u00e3o nas modalidades futsal e show de talentos pelos pr\u00f3ximos cinco meses. Realizada desde 2002, a Copa da Inclus\u00e3o \u00e9 um encontro [&hellip;]<\/p>\n","protected":false},"author":1,"featured_media":10384,"comment_status":"open","ping_status":"open","sticky":false,"template":"","format":"standard","meta":{"footnotes":""},"categories":[3],"tags":[],"class_list":{"0":"post-10383","1":"post","2":"type-post","3":"status-publish","4":"format-standard","5":"has-post-thumbnail","7":"category-guarulhos"},"_links":{"self":[{"href":"https:\/\/jm-metropole.com.br\/site\/wp-json\/wp\/v2\/posts\/10383","targetHints":{"allow":["GET"]}}],"collection":[{"href":"https:\/\/jm-metropole.com.br\/site\/wp-json\/wp\/v2\/posts"}],"about":[{"href":"https:\/\/jm-metropole.com.br\/site\/wp-json\/wp\/v2\/types\/post"}],"author":[{"embeddable":true,"href":"https:\/\/jm-metropole.com.br\/site\/wp-json\/wp\/v2\/users\/1"}],"replies":[{"embeddable":true,"href":"https:\/\/jm-metropole.com.br\/site\/wp-json\/wp\/v2\/comments?post=10383"}],"version-history":[{"count":1,"href":"https:\/\/jm-metropole.com.br\/site\/wp-json\/wp\/v2\/posts\/10383\/revisions"}],"predecessor-version":[{"id":10385,"href":"https:\/\/jm-metropole.com.br\/site\/wp-json\/wp\/v2\/posts\/10383\/revisions\/10385"}],"wp:featuredmedia":[{"embeddable":true,"href":"https:\/\/jm-metropole.com.br\/site\/wp-json\/wp\/v2\/media\/10384"}],"wp:attachment":[{"href":"https:\/\/jm-metropole.com.br\/site\/wp-json\/wp\/v2\/media?parent=10383"}],"wp:term":[{"taxonomy":"category","embeddable":true,"href":"https:\/\/jm-metropole.com.br\/site\/wp-json\/wp\/v2\/categories?post=10383"},{"taxonomy":"post_tag","embeddable":true,"href":"https:\/\/jm-metropole.com.br\/site\/wp-json\/wp\/v2\/tags?post=10383"}],"curies":[{"name":"wp","href":"https:\/\/api.w.org\/{rel}","templated":true}]}}