{"id":10380,"date":"2023-06-29T10:21:28","date_gmt":"2023-06-29T13:21:28","guid":{"rendered":"https:\/\/jm-metropole.com.br\/site\/?p=10380"},"modified":"2023-06-29T10:21:28","modified_gmt":"2023-06-29T13:21:28","slug":"cultura-itinerante-de-itaqua-estaciona-no-parque-marengo-neste-domingo-2-2","status":"publish","type":"post","link":"https:\/\/jm-metropole.com.br\/site\/cultura-itinerante-de-itaqua-estaciona-no-parque-marengo-neste-domingo-2-2\/","title":{"rendered":"Cultura Itinerante de Itaqu\u00e1 estaciona no Parque Marengo neste domingo (2)"},"content":{"rendered":"<p>Estimativa \u00e9 de que pelo menos 500 pessoas participem das atividades<\/p>\n<p>O projeto Cultura Itinerante, promovido pela Secretaria de Cultura de Itaquaquecetuba, vai estacionar no Parque Residencial Marengo neste domingo (2). Com diferentes atra\u00e7\u00f5es culturais envolvendo m\u00fasica, dan\u00e7a, teatro e atividades circenses, a a\u00e7\u00e3o vai ocorrer das 10h \u00e0s 17h na rua Waldomiro Silveira.<\/p>\n<p>A proposta foi iniciada em 2021 quando teve ades\u00e3o positiva visitando uma s\u00e9rie de bairros, levando alegria e novas perspectivas art\u00edsticas e culturais aos moradores. O objetivo continua sendo o de ampliar a democratiza\u00e7\u00e3o da cultura, alcan\u00e7ando novos locais.<\/p>\n<p>&#8220;Entendemos a import\u00e2ncia do Cultura Itinerante a partir do momento em que estacionamos nos bairros. A popula\u00e7\u00e3o gosta e consome cultura, ent\u00e3o nosso papel \u00e9 ampliar o trabalho alcan\u00e7ando cada \u00e1rea da cidade&#8221;, disse a chefe da pasta, Maria Ana Rosa.<\/p>\n<p>O evento tamb\u00e9m conta feira de artesanato, bancada liter\u00e1ria, espa\u00e7o kids e food trucks. A estimativa \u00e9 que pelo menos 500 pessoas participem das atividades neste domingo no Marengo.<\/p>\n<p>&#8220;Acredito no poder da educa\u00e7\u00e3o, da arte e da cultura na transforma\u00e7\u00e3o coletiva. Partindo disso, estamos refor\u00e7ando nossas a\u00e7\u00f5es para aproximar as crian\u00e7as e adolescentes do que h\u00e1 de melhor com lazer, seguran\u00e7a e conhecimento&#8221;, completou o prefeito Eduardo Boigues.<\/p>\n<p>Fotos: Dayane Oliveira<\/p>\n","protected":false},"excerpt":{"rendered":"<p>Estimativa \u00e9 de que pelo menos 500 pessoas participem das atividades O projeto Cultura Itinerante, promovido pela Secretaria de Cultura de Itaquaquecetuba, vai estacionar no Parque Residencial Marengo neste domingo (2). Com diferentes atra\u00e7\u00f5es culturais envolvendo m\u00fasica, dan\u00e7a, teatro e atividades circenses, a a\u00e7\u00e3o vai ocorrer das 10h \u00e0s 17h na rua Waldomiro Silveira. A [&hellip;]<\/p>\n","protected":false},"author":1,"featured_media":10381,"comment_status":"open","ping_status":"open","sticky":false,"template":"","format":"standard","meta":{"footnotes":""},"categories":[6],"tags":[],"class_list":{"0":"post-10380","1":"post","2":"type-post","3":"status-publish","4":"format-standard","5":"has-post-thumbnail","7":"category-itaqua"},"_links":{"self":[{"href":"https:\/\/jm-metropole.com.br\/site\/wp-json\/wp\/v2\/posts\/10380","targetHints":{"allow":["GET"]}}],"collection":[{"href":"https:\/\/jm-metropole.com.br\/site\/wp-json\/wp\/v2\/posts"}],"about":[{"href":"https:\/\/jm-metropole.com.br\/site\/wp-json\/wp\/v2\/types\/post"}],"author":[{"embeddable":true,"href":"https:\/\/jm-metropole.com.br\/site\/wp-json\/wp\/v2\/users\/1"}],"replies":[{"embeddable":true,"href":"https:\/\/jm-metropole.com.br\/site\/wp-json\/wp\/v2\/comments?post=10380"}],"version-history":[{"count":1,"href":"https:\/\/jm-metropole.com.br\/site\/wp-json\/wp\/v2\/posts\/10380\/revisions"}],"predecessor-version":[{"id":10382,"href":"https:\/\/jm-metropole.com.br\/site\/wp-json\/wp\/v2\/posts\/10380\/revisions\/10382"}],"wp:featuredmedia":[{"embeddable":true,"href":"https:\/\/jm-metropole.com.br\/site\/wp-json\/wp\/v2\/media\/10381"}],"wp:attachment":[{"href":"https:\/\/jm-metropole.com.br\/site\/wp-json\/wp\/v2\/media?parent=10380"}],"wp:term":[{"taxonomy":"category","embeddable":true,"href":"https:\/\/jm-metropole.com.br\/site\/wp-json\/wp\/v2\/categories?post=10380"},{"taxonomy":"post_tag","embeddable":true,"href":"https:\/\/jm-metropole.com.br\/site\/wp-json\/wp\/v2\/tags?post=10380"}],"curies":[{"name":"wp","href":"https:\/\/api.w.org\/{rel}","templated":true}]}}