{"id":10377,"date":"2023-06-29T10:18:16","date_gmt":"2023-06-29T13:18:16","guid":{"rendered":"https:\/\/jm-metropole.com.br\/site\/?p=10377"},"modified":"2023-06-29T10:18:16","modified_gmt":"2023-06-29T13:18:16","slug":"itaqua-esta-com-inscricoes-abertas-para-aulas-de-ginastica-ritmica","status":"publish","type":"post","link":"https:\/\/jm-metropole.com.br\/site\/itaqua-esta-com-inscricoes-abertas-para-aulas-de-ginastica-ritmica\/","title":{"rendered":"Itaqu\u00e1 est\u00e1 com inscri\u00e7\u00f5es abertas para aulas de gin\u00e1stica r\u00edtmica"},"content":{"rendered":"<p>Aulas ser\u00e3o ministradas para meninas de 5 a 15 anos<\/p>\n<p>A Prefeitura de Itaquaquecetuba, por meio da Secretaria de Esporte e Lazer, realiza nesta quinta-feira (29) as inscri\u00e7\u00f5es para a escolinha de gin\u00e1stica r\u00edtmica. As aulas ser\u00e3o destinadas a meninas de 5 a 15 anos e as inscri\u00e7\u00f5es ficam abertas at\u00e9 o n\u00famero de vagas (40) ser atingido.<\/p>\n<p>A gin\u00e1stica r\u00edtmica \u00e9 uma mistura de dan\u00e7a teatral, arte, capacidade f\u00edsica e sincronia. &#8220;A grade de modalidades esportivas est\u00e1 cada vez maior em Itaqu\u00e1 e com certeza as ginastas v\u00e3o levar a nossa cidade ao topo no esporte&#8221;, disse o prefeito Eduardo Boigues.<\/p>\n<p>Os cadastros ser\u00e3o realizados das 8h \u00e0s 16h no Gin\u00e1sio Municipal de Esportes &#8220;Sumiyoshi Nakaharada&#8221; (rua Santa Rita de C\u00e1ssia, 151 &#8211; Vila Jap\u00e3o), sendo necess\u00e1rio apresentar c\u00f3pias do RG, CPF, comprovante de endere\u00e7o e declara\u00e7\u00e3o escolar. A data de in\u00edcio e grade das aulas est\u00e3o em defini\u00e7\u00e3o.<\/p>\n<p>&#8220;Essa \u00e9 a primeira vez na hist\u00f3ria de Itaqu\u00e1 que vamos receber esse encanto de esporte. As crian\u00e7as v\u00e3o aprender a manusear os cinco aparelhos que comp\u00f5e a modalidade: bola, corda, arco, fita e ma\u00e7a. \u00c9 lindo de se ver&#8221;, finalizou o chefe da pasta, Fabiano Novais.<\/p>\n<p>Fotos: Caroline Assis<\/p>\n","protected":false},"excerpt":{"rendered":"<p>Aulas ser\u00e3o ministradas para meninas de 5 a 15 anos A Prefeitura de Itaquaquecetuba, por meio da Secretaria de Esporte e Lazer, realiza nesta quinta-feira (29) as inscri\u00e7\u00f5es para a escolinha de gin\u00e1stica r\u00edtmica. As aulas ser\u00e3o destinadas a meninas de 5 a 15 anos e as inscri\u00e7\u00f5es ficam abertas at\u00e9 o n\u00famero de vagas [&hellip;]<\/p>\n","protected":false},"author":1,"featured_media":10378,"comment_status":"open","ping_status":"open","sticky":false,"template":"","format":"standard","meta":{"footnotes":""},"categories":[6],"tags":[],"class_list":{"0":"post-10377","1":"post","2":"type-post","3":"status-publish","4":"format-standard","5":"has-post-thumbnail","7":"category-itaqua"},"_links":{"self":[{"href":"https:\/\/jm-metropole.com.br\/site\/wp-json\/wp\/v2\/posts\/10377","targetHints":{"allow":["GET"]}}],"collection":[{"href":"https:\/\/jm-metropole.com.br\/site\/wp-json\/wp\/v2\/posts"}],"about":[{"href":"https:\/\/jm-metropole.com.br\/site\/wp-json\/wp\/v2\/types\/post"}],"author":[{"embeddable":true,"href":"https:\/\/jm-metropole.com.br\/site\/wp-json\/wp\/v2\/users\/1"}],"replies":[{"embeddable":true,"href":"https:\/\/jm-metropole.com.br\/site\/wp-json\/wp\/v2\/comments?post=10377"}],"version-history":[{"count":1,"href":"https:\/\/jm-metropole.com.br\/site\/wp-json\/wp\/v2\/posts\/10377\/revisions"}],"predecessor-version":[{"id":10379,"href":"https:\/\/jm-metropole.com.br\/site\/wp-json\/wp\/v2\/posts\/10377\/revisions\/10379"}],"wp:featuredmedia":[{"embeddable":true,"href":"https:\/\/jm-metropole.com.br\/site\/wp-json\/wp\/v2\/media\/10378"}],"wp:attachment":[{"href":"https:\/\/jm-metropole.com.br\/site\/wp-json\/wp\/v2\/media?parent=10377"}],"wp:term":[{"taxonomy":"category","embeddable":true,"href":"https:\/\/jm-metropole.com.br\/site\/wp-json\/wp\/v2\/categories?post=10377"},{"taxonomy":"post_tag","embeddable":true,"href":"https:\/\/jm-metropole.com.br\/site\/wp-json\/wp\/v2\/tags?post=10377"}],"curies":[{"name":"wp","href":"https:\/\/api.w.org\/{rel}","templated":true}]}}